{"id":11299,"global_id":"uam.md\/en\/?id=11299","global_id_lineage":["uam.md\/en\/?id=11299"],"author":"1","status":"publish","date":"2025-01-02 16:13:52","date_utc":"2025-01-02 13:13:52","modified":"2025-01-09 10:34:06","modified_utc":"2025-01-09 07:34:06","url":"https:\/\/uam.md\/en\/curs\/contenciosul-administrativ-cererea-de-chemare-in-judecata-impotriva-actelor-administrative-emise-in-conditiile-urgentelor-publice\/","rest_url":"https:\/\/uam.md\/en\/wp-json\/tribe\/events\/v1\/events\/11299","title":"Contenciosul administrativ. Cererea de chemare \u00een judecat\u0103 \u00eempotriva actelor administrative emise \u00een condi\u021biile urgen\u021belor publice","description":"<p><strong>Data:<\/strong> 30 ianuarie 2025<\/p>\n<p><strong>Ora: <\/strong>10:00 \u2013 12:00 (2 ore de instruire)<\/p>\n<p><strong>Format: prezen\u021ba fizic\u0103, str.Bucure\u0219ti 46\u00a0<em>(sediul UAM)<\/em><\/strong><\/p>\n<p><strong>Formator: Nagacevschi Fadei, jurist<\/strong><\/p>\n<p><strong>\u00cenregistrare:<span style=\"color: #993366;\">\u00a0<a style=\"color: #993366;\" href=\"https:\/\/docs.google.com\/forms\/d\/1Udf16Bt1lIQ-pvQ3ukmLmBC0lWWv150toPnED1S1Uoo\/edit\">https:\/\/docs.google.com\/forms\/d\/1Udf16Bt1lIQ-pvQ3ukmLmBC0lWWv150toPnED1S1Uoo\/edit<\/a><\/span><\/strong><\/p>","excerpt":"","slug":"contenciosul-administrativ-cererea-de-chemare-in-judecata-impotriva-actelor-administrative-emise-in-conditiile-urgentelor-publice","image":{"url":"https:\/\/uam.md\/wp-content\/uploads\/2024\/03\/psihologia.jpeg","id":8278,"extension":"jpeg","width":1200,"height":800,"filesize":62699,"sizes":{"medium":{"width":300,"height":200,"mime-type":"image\/jpeg","filesize":6196,"url":"https:\/\/uam.md\/wp-content\/uploads\/2024\/03\/psihologia-300x200.jpeg"},"large":{"width":1024,"height":683,"mime-type":"image\/jpeg","filesize":34714,"url":"https:\/\/uam.md\/wp-content\/uploads\/2024\/03\/psihologia-1024x683.jpeg"},"thumbnail":{"width":150,"height":150,"mime-type":"image\/jpeg","filesize":3190,"url":"https:\/\/uam.md\/wp-content\/uploads\/2024\/03\/psihologia-150x150.jpeg"},"medium_large":{"width":768,"height":512,"mime-type":"image\/jpeg","filesize":22476,"url":"https:\/\/uam.md\/wp-content\/uploads\/2024\/03\/psihologia-768x512.jpeg"}}},"all_day":false,"start_date":"2025-01-30 10:00:00","start_date_details":{"year":"2025","month":"01","day":"30","hour":"10","minutes":"00","seconds":"00"},"end_date":"2025-01-30 12:00:00","end_date_details":{"year":"2025","month":"01","day":"30","hour":"12","minutes":"00","seconds":"00"},"utc_start_date":"2025-01-30 07:00:00","utc_start_date_details":{"year":"2025","month":"01","day":"30","hour":"07","minutes":"00","seconds":"00"},"utc_end_date":"2025-01-30 09:00:00","utc_end_date_details":{"year":"2025","month":"01","day":"30","hour":"09","minutes":"00","seconds":"00"},"timezone":"UTC+3","timezone_abbr":"UTC+3","cost":"","cost_details":{"currency_symbol":"","currency_code":"","currency_position":"prefix","values":[]},"website":"","show_map":true,"show_map_link":true,"hide_from_listings":false,"sticky":false,"featured":false,"categories":[],"tags":[],"venue":{"id":6282,"author":"4","status":"publish","date":"2023-12-29 12:33:46","date_utc":"2023-12-29 09:33:46","modified":"2023-12-29 12:33:46","modified_utc":"2023-12-29 09:33:46","url":"https:\/\/uam.md\/venue\/prezenta-fizica-str-bucuresti-46-sediul-uam\/","venue":"prezen\u021ba fizic\u0103, str.Bucure\u0219ti 46\u00a0(sediul UAM)","slug":"prezenta-fizica-str-bucuresti-46-sediul-uam","json_ld":{"@type":"Place","name":"prezen\u021ba fizic\u0103, str.Bucure\u0219ti 46\u00a0(sediul UAM)","description":"","url":"https:\/\/uam.md\/venue\/prezenta-fizica-str-bucuresti-46-sediul-uam\/","address":{"@type":"PostalAddress"},"telephone":"","sameAs":""},"show_map":true,"show_map_link":true,"global_id":"uam.md\/en\/?id=6282","global_id_lineage":["uam.md\/en\/?id=6282"]},"organizer":[{"id":9645,"author":"4","status":"publish","date":"2024-06-14 10:22:35","date_utc":"2024-06-14 07:22:35","modified":"2024-06-14 10:22:35","modified_utc":"2024-06-14 07:22:35","url":"https:\/\/uam.md\/organizer\/nagacevschi-fadei-jurist-2\/","organizer":"Nagacevschi Fadei, jurist","slug":"nagacevschi-fadei-jurist-2","json_ld":{"@type":"Person","name":"Nagacevschi Fadei, jurist","description":"","url":"","telephone":"","email":"","sameAs":""},"global_id":"uam.md\/en\/?id=9645","global_id_lineage":["uam.md\/en\/?id=9645"]}],"json_ld":{"@context":"http:\/\/schema.org","@type":"Event","name":"Contenciosul administrativ. Cererea de chemare \u00een judecat\u0103 \u00eempotriva actelor administrative emise \u00een condi\u021biile urgen\u021belor publice","description":"&lt;p&gt;Data: 30 ianuarie 2025 Ora: 10:00 \u2013 12:00 (2 ore de instruire) Format: prezen\u021ba fizic\u0103, str.Bucure\u0219ti 46\u00a0(sediul UAM) Formator: Nagacevschi Fadei, jurist \u00cenregistrare:\u00a0https:\/\/docs.google.com\/forms\/d\/1Udf16Bt1lIQ-pvQ3ukmLmBC0lWWv150toPnED1S1Uoo\/edit&lt;\/p&gt;\\n","image":"https:\/\/uam.md\/wp-content\/uploads\/2024\/03\/psihologia.jpeg","url":"https:\/\/uam.md\/en\/curs\/contenciosul-administrativ-cererea-de-chemare-in-judecata-impotriva-actelor-administrative-emise-in-conditiile-urgentelor-publice\/","eventAttendanceMode":"https:\/\/schema.org\/OfflineEventAttendanceMode","eventStatus":"https:\/\/schema.org\/EventScheduled","startDate":"2025-01-30T10:00:00+03:00","endDate":"2025-01-30T12:00:00+03:00","location":{"@type":"Place","name":"prezen\u021ba fizic\u0103, str.Bucure\u0219ti 46\u00a0(sediul UAM)","description":"","url":"https:\/\/uam.md\/venue\/prezenta-fizica-str-bucuresti-46-sediul-uam\/","address":{"@type":"PostalAddress"},"telephone":"","sameAs":""},"organizer":{"@type":"Person","name":"Nagacevschi Fadei, jurist","description":"","url":"","telephone":"","email":"","sameAs":""},"performer":"Organization"}}