{"id":10902,"date":"2024-10-31T13:30:00","date_gmt":"2024-10-31T10:30:00","guid":{"rendered":"https:\/\/uam.md\/?p=10902"},"modified":"2024-11-07T10:39:02","modified_gmt":"2024-11-07T07:39:02","slug":"comunicatul-uarm-cu-privire-la-utilizarea-stampilei-avocatului-biroului-asociat-de-avocati","status":"publish","type":"post","link":"https:\/\/uam.md\/en\/comunicatul-uarm-cu-privire-la-utilizarea-stampilei-avocatului-biroului-asociat-de-avocati\/","title":{"rendered":"Comunicatul UARM cu privire la utilizarea \u0219tampilei avocatului, Biroului Asociat de Avoca\u021bi"},"content":{"rendered":"\n<p><strong><em>\u00cen aten\u021bia avoca\u021bilor, avocatelor, avoca\u021bilor \u0219i avocatelor stagiari, a judec\u0103torilor, procurorilor, ofi\u021berilor de urm\u0103rire penal\u0103<\/em><\/strong>.<\/p>\n\n\n\n<p>Av\u00e2nd \u00een vedere solicitarea de c\u0103tre judec\u0103tori informa\u021bii privind necesitatea aplic\u0103rii \u0219tampilei avocatului \u0219i\/sau a Cabinetului Avocatului\/Biroului Asociat de Avoca\u021bi pe mandatul avoca\u021bial \u0219i\/sau pe actele emise de avoca\u021bi, \u00een special \u00een cazurile de adeverire a copiilor \u015fi a extraselor din acte, precum \u0219i de certificare a semn\u0103turilor de pe actele necesare pentru acordarea asisten\u021bei juridice, la fel av\u00e2nd \u00een vedere cazurile semnalate de avoca\u021bi c\u00e2nd judec\u0103torii nu dau curs cererilor de chemare \u00een judecat\u0103 din motiv c\u0103 pe anexe, prin care se certific\u0103 corespunderea cu originalul de c\u0103tre avoca\u021bi\/avoca\u021bi stagiari, nu este aplicat\u0103 \u0219tampila avocatului, a Cabinetului Avocatului, a Biroului Asociat de Avoca\u021bi, \u00een temeiul art. 40 alin. (2) lit. a), f) din Legea nr. 1260\/2002 cu privire la avocatur\u0103 comunic\u0103m urm\u0103toarele.<\/p>\n\n\n\n<p>De\u0219i Hot\u0103r\u00e2rea de Guvern nr. 158\/2013 cu privire la aprobarea formularului \u015fi modului de utilizare a mandatului avocatului \u015fi al avocatului stagiar, \u00een redac\u021bia actual\u0103 oblig\u0103 avoca\u021bii s\u0103 certifice prin \u0219tampil\u0103 semn\u0103tura aplicat\u0103 pe mandatul avoca\u021bial, la fel, alin. (5) art. 8 din Legea nr. 1260\/2002 cu privire la avocatur\u0103, prevede c\u0103 ac\u0163iunile specificate la alin. (4) se certific\u0103 prin semn\u0103tura \u015fi \u015ftampila avocatului, \u00een cazul \u00een care dispune de aceasta, cu indicarea datei \u015fi men\u0163ionarea corespunderii cu originalul, totu\u0219i Legea nr. 1260\/2002 cu privire la avocatur\u0103 stipuleaz\u0103 la art. 17 alin. (3) \u015fi art. 31 alin. (3) c\u0103, de\u021binerea \u0219tampilei <em>reprezint\u0103 un drept<\/em> a avocatului\/biroului asociat de avoca\u021bi \u0219i <em>nu o obliga\u021bie<\/em>.<\/p>\n\n\n\n<p>Aceea\u0219i solu\u021bie juridic\u0103 este prev\u0103zut\u0103 \u0219i la alin. (5) art. 8 al Legii nr. 1260\/2002, anume din considerentul c\u0103 avocatul nu este obligat s\u0103 de\u021bin\u0103 o \u0219tampil\u0103: \u201e(5) Ac\u0163iunile specificate la alin. (4) se certific\u0103 prin semn\u0103tura \u015fi \u015ftampila avocatului, <strong>\u00een cazul \u00een care dispune de aceasta<\/strong>, cu indicarea datei \u015fi men\u0163ionarea corespunderii cu originalul.\u201d.<\/p>\n\n\n\n<p>Totodat\u0103, sintagma: \u201e<em>certificat\u0103 prin \u015ftampil\u0103<\/em>\u201d prev\u0103zut\u0103 la lit. j) pct. 6 din Hot\u0103r\u00e2rea de Guvern nr. 158\/2013 cu privire la aprobarea formularului \u015fi modului de utilizare a mandatului avocatului \u015fi al avocatului stagiar, <strong>este desuet\u0103.<\/strong><\/p>\n\n\n\n<p>Or, \u00een conformitate cu Legea nr. 160 din 07.07.2016 pentru modificarea \u0219i completarea unor acte legislative,<\/p>\n\n\n\n<p>\u201e <em>Art. XVII. \u2013 Legea nr. 1260-XV din 19 iulie 2002 cu privire la avocatur\u0103 (republicat\u0103 \u00een Monitorul Oficial al Republicii Moldova, 2010, nr. 159, art. 582), cu modific\u0103rile ulterioare, se modific\u0103 \u0219i se completeaz\u0103 dup\u0103 cum urmeaz\u0103:<\/em><\/p>\n\n\n\n<p><em>\u201e1. La articolul 8 alineatul (5), dup\u0103 cuvintele \u201e\u015fi \u015ftampila avocatului,\u201d se introduc cuvintele <strong>\u201e\u00een cazul \u00een care dispune de aceasta,\u201d.<\/strong><\/em><\/p>\n\n\n\n<p><em>2. La articolul 10, alineatul (5) va avea urm\u0103torul cuprins:<\/em><\/p>\n\n\n\n<p><strong><em>\u201e(5) Avocatul are dreptul s\u0103 de\u0163in\u0103 \u015ftampil\u0103 personal\u0103.\u201d<\/em><\/strong><\/p>\n\n\n\n<p><em>3. La articolul 31 alineatul (3), cuvintele \u201e\u015fi de \u015ftampil\u0103\u201d se substituie cu cuvintele <strong>\u201e\u015fi are dreptul s\u0103 de\u0163in\u0103 \u015ftampil\u0103\u201d.<\/strong><\/em><\/p>\n\n\n\n<p><em>Art. XLII. \u2013 (1) Guvernul \u0219i alte autorit\u0103\u021bi responsabile de reglementarea utiliz\u0103rii \u0219tampilei, <strong>\u00een termen de 3 luni de la data intr\u0103rii \u00een vigoare a prezentei legi, vor aduce actele lor normative \u00een concordan\u021b\u0103 cu prezenta lege.<\/strong><\/em><\/p>\n\n\n\n<p><em>(2) Persoanele juridice de drept privat care nu intr\u0103 sub inciden\u021ba Legii nr. 845-XII din 3 ianuarie 1992 cu privire la antreprenoriat \u0219i \u00eentreprinderi nu s\u00eent obligate s\u0103 de\u0163in\u0103 \u015fi s\u0103 aplice \u015ftampil\u0103 proprie pe \u00eenscrisuri de orice natur\u0103, cu excep\u0163ia cazurilor \u00een care actele legislative prev\u0103d expres cerin\u0163a aplic\u0103rii \u015ftampilei. Dreptul persoanelor juridice de drept privat de a de\u0163ine \u015fi de a aplica \u015ftampil\u0103 proprie pe principii benevole r\u0103m\u00eene neafectat<\/em>.\u201d<\/p>\n\n\n\n<p>Ulterior, prin Legea nr. 13 din 21.01.22, \u00een vigoare 25.01.22, norma de la art. 10 alin. (5) din Legea nr. 1260\/2002 cu privire la avocatur\u0103 a fost transpus\u0103 \u00een alin. (3) al art. 17 din Legea nr. 1260\/2002 cu privire la avocatur\u0103, \u00een aceea\u0219i redac\u021bie.<\/p>\n\n\n\n<p>Astfel, omisiunea Guvernului de a asigura executarea actelor normative ale Parlamentului (art. 6 lit. c) din Legea nr. 136\/2017 cu privire la Guvern) \u0219i implicit, de a executa cerin\u021bele legale de la Art. XLII alin. (1) din nr. 160 din 07.07.2016 pentru modificarea \u0219i completarea unor acte legislative \u0219i de a aduce actele sale normative \u00een concordan\u021b\u0103 cu prezenta lege nu incumb\u0103 avoca\u021bilor obliga\u021bia de a certifica prin \u015ftampil\u0103 semn\u0103tura avocatului de pe mandatul avoca\u021bial \u0219i\/sau de pe actele emise de avoca\u021bi sau \u00een cazurile de adeverire a copiilor \u015fi a extraselor din acte, precum \u0219i de certificare a semn\u0103turilor de pe actele necesare pentru acordarea asisten\u021bei juridice prin care se certific\u0103 corespunderea cu originalul.<\/p>\n\n\n\n<p>Atragem aten\u021bia \u0219i la faptul c\u0103 Legea nr. 160 din 07.07.2016 pentru modificarea \u0219i completarea unor acte legislative, este o lege adoptat\u0103 ulterior adopt\u0103rii Hot\u0103r\u00e2rii Guvernului nr. 158\/2013 cu privire la aprobarea formularului \u015fi modului de utilizare a mandatului avocatului \u015fi al avocatului stagiar.<\/p>\n\n\n\n<p>\u00cen acela\u0219i timp, constat\u0103m c\u0103 normele subsecvente ale hot\u0103r\u00e2rii Guvernului nr. 158\/2013 nu pot deroga de la cele ale Legii nr. 1260\/2002 \u0219i de la Art. XLII alin. (1) din Legea nr. 160\/2016, care nu oblig\u0103 avocatul s\u0103 de\u021bin\u0103 o \u0219tampil\u0103, ci doar ofer\u0103 dreptul, pe principii benevole, s\u0103 o aplice atunci c\u00e2nd avocatul o de\u021bine.<\/p>\n\n\n\n<p>Astfel, normele juridice se interpreteaz\u0103 \u021bin\u00e2nd cont de ierarhia \u0219i subordonarea lor \u00een cadrul sistemului de drept \u0219i doar \u00een sensul \u00een care acestea pot fi aplicate \u0219i nu \u00een sensul \u00een care nu pot fi aplicate, or este ilegal s\u0103 se cear\u0103 de la avocat executarea unei obliga\u021bii care contravine legii.<\/p>\n\n\n\n<p>Prin urmare, mandatele avoca\u021bilor \u0219i avoca\u021bii stagiari, <em>sunt valabile dac\u0103 pe recto este inserat\u0103 semn\u0103tura avocatului<\/em>, iar <strong>aplicarea \u0219tampilei<\/strong> <strong>nu este<\/strong> <strong>obligatorie.<\/strong><\/p>\n\n\n\n<p>Totodat\u0103, copiile \u015fi extrasele din acte, precum \u015fi semn\u0103turile de pe actele necesare pentru acordarea asisten\u0163ei juridice, sunt valabil certificate prin semn\u0103tura avocatului\/avocatului stagiar, iar <strong>aplicarea \u0219tampilei nu este obligatorie.<\/strong><\/p>\n\n\n\n<p>\u0218tampila avocatului \u0219i\/sau a Cabinetului Avocatului\/Biroului Asociat de Avoca\u021bi, poate fi aplicat\u0103 pe actele men\u021bionate supra, pe principii benevole, dac\u0103 avocatul, Cabinetul Avocatului\/Biroul Asociat de Avoca\u021bi o de\u021bine.<\/p>\n\n\n\n<p><strong>Dorin POPESCU<\/strong><br><strong>Pre\u0219edinte al Uniunii Avoca\u021bilor din Republica Moldova<\/strong><\/p>\n","protected":false},"excerpt":{"rendered":"<p>\u00cen aten\u021bia avoca\u021bilor, avocatelor, avoca\u021bilor \u0219i avocatelor stagiari, a judec\u0103torilor, procurorilor, ofi\u021berilor de urm\u0103rire penal\u0103. Av\u00e2nd \u00een vedere solicitarea de c\u0103tre judec\u0103tori informa\u021bii privind necesitatea aplic\u0103rii \u0219tampilei avocatului \u0219i\/sau a [&hellip;]<\/p>\n","protected":false},"author":1,"featured_media":7279,"comment_status":"closed","ping_status":"closed","sticky":false,"template":"","format":"standard","meta":{"inline_featured_image":false,"footnotes":""},"categories":[9],"tags":[],"class_list":["post-10902","post","type-post","status-publish","format-standard","has-post-thumbnail","hentry","category-news"],"acf":[],"aioseo_notices":[],"_links":{"self":[{"href":"https:\/\/uam.md\/en\/wp-json\/wp\/v2\/posts\/10902","targetHints":{"allow":["GET"]}}],"collection":[{"href":"https:\/\/uam.md\/en\/wp-json\/wp\/v2\/posts"}],"about":[{"href":"https:\/\/uam.md\/en\/wp-json\/wp\/v2\/types\/post"}],"author":[{"embeddable":true,"href":"https:\/\/uam.md\/en\/wp-json\/wp\/v2\/users\/1"}],"replies":[{"embeddable":true,"href":"https:\/\/uam.md\/en\/wp-json\/wp\/v2\/comments?post=10902"}],"version-history":[{"count":1,"href":"https:\/\/uam.md\/en\/wp-json\/wp\/v2\/posts\/10902\/revisions"}],"predecessor-version":[{"id":10903,"href":"https:\/\/uam.md\/en\/wp-json\/wp\/v2\/posts\/10902\/revisions\/10903"}],"wp:featuredmedia":[{"embeddable":true,"href":"https:\/\/uam.md\/en\/wp-json\/wp\/v2\/media\/7279"}],"wp:attachment":[{"href":"https:\/\/uam.md\/en\/wp-json\/wp\/v2\/media?parent=10902"}],"wp:term":[{"taxonomy":"category","embeddable":true,"href":"https:\/\/uam.md\/en\/wp-json\/wp\/v2\/categories?post=10902"},{"taxonomy":"post_tag","embeddable":true,"href":"https:\/\/uam.md\/en\/wp-json\/wp\/v2\/tags?post=10902"}],"curies":[{"name":"wp","href":"https:\/\/api.w.org\/{rel}","templated":true}]}}