{"id":10904,"date":"2024-10-30T12:13:24","date_gmt":"2024-10-30T09:13:24","guid":{"rendered":"https:\/\/uam.md\/?p=10904"},"modified":"2024-11-07T10:40:38","modified_gmt":"2024-11-07T07:40:38","slug":"reprezentantii-uniunii-avocatilor-au-participat-la-forumul-regional-al-justitiei-cu-genericul-justitie-locala-pentru-toti","status":"publish","type":"post","link":"https:\/\/uam.md\/en\/reprezentantii-uniunii-avocatilor-au-participat-la-forumul-regional-al-justitiei-cu-genericul-justitie-locala-pentru-toti\/","title":{"rendered":"Reprezentan\u021bii Uniunii Avoca\u021bilor au participat la Forumul Regional al Justi\u021biei cu genericul \u201eJusti\u021bie Local\u0103 pentru To\u021bi\u201d"},"content":{"rendered":"\n<p>La data de 28 octombrie 2024, Uniunea Avoca\u021bilor din Republica Moldova a fost reprezentat\u0103 de Pre\u0219edintele Uniunii, domnul Dorin POPESCU, \u0219i de doamna Angela POPIL, membr\u0103 a Consiliului Uniunii, la Forumul Regional al Justi\u021biei cu genericul \u201eJusti\u021bie Local\u0103 pentru To\u021bi\u201d. Evenimentul a marcat \u00eencheierea programului din cadrul proiectului \u201eResponsabilizarea sectorului de justi\u021bie din Moldova\u201d, implementat de Freedom House \u00een parteneriat cu AO INVENTO \u0219i finan\u021bat de Biroul de Stat pentru Drepturile Democra\u021biei \u0219i Muncii din SUA.<\/p>\n\n\n\n<p>Proiectul este dedicat consolid\u0103rii accesului la justi\u021bie \u00een Republica Moldova, \u00een special prin sprijinirea grupurilor vulnerabile \u0219i marginalizate. Unul dintre obiectivele proiectului, implementat \u00een perioada 2023-2024, a vizat facilitarea dialogului pentru justi\u021bie la nivel local \u00een municipiile B\u0103l\u021bi, Cahul \u0219i raionul Str\u0103\u0219eni.<\/p>\n\n\n\n<p>\u00cen cadrul Forumului, care a reunit profesioni\u0219ti din sectorul justi\u021biei \u0219i reprezentan\u021bi ai societ\u0103\u021bii civile, au fost prezentate ini\u021biativele locale \u0219i domeniile de interven\u021bie ale proiectului. Astfel, pe durata implement\u0103rii, trei organiza\u021bii ale societ\u0103\u021bii civile au beneficiat de instruire \u00een domeniul accesului la justi\u021bie, iar colaborarea la nivel local a fost consolidat\u0103 prin consilii inter-institu\u021bionale de dialog, care au identificat obstacolele \u00een realizarea justi\u021biei \u0219i au lansat trei ini\u021biative locale pentru a r\u0103spunde direct nevoilor cet\u0103\u021benilor.<\/p>\n\n\n\n<p>\u00cen cadrul sesiunilor de discu\u021bii din cadrul Forumului, participan\u021bii au analizat at\u00e2t provoc\u0103rile, c\u00e2t \u0219i oportunit\u0103\u021bile pentru sporirea eficien\u021bei sistemului de justi\u021bie local. De asemenea, a fost subliniat rolul esen\u021bial al societ\u0103\u021bii civile \u00een promovarea transparen\u021bei \u0219i responsabilit\u0103\u021bii institu\u021biilor judiciare la nivel local, eviden\u021biindu-se modalit\u0103\u021bi eficiente de colaborare \u00eentre acestea. Impactul mass-mediei \u00een educarea \u0219i informarea cet\u0103\u021benilor cu privire la drepturile lor \u0219i la func\u021bionarea sistemului de justi\u021bie a fost, de asemenea, un subiect de discu\u021bie.<\/p>\n\n\n<div class=\"wp-block-image\">\n<figure class=\"aligncenter size-large\"><img loading=\"lazy\" decoding=\"async\" width=\"1024\" height=\"768\" src=\"http:\/\/uam.md\/wp-content\/uploads\/2024\/10\/3def82ea-1184-4a2a-b0b9-91a23ebb2702-1024x768.jpg\" alt=\"\" class=\"wp-image-10833\" srcset=\"https:\/\/uam.md\/wp-content\/uploads\/2024\/10\/3def82ea-1184-4a2a-b0b9-91a23ebb2702-1024x768.jpg 1024w, https:\/\/uam.md\/wp-content\/uploads\/2024\/10\/3def82ea-1184-4a2a-b0b9-91a23ebb2702-300x225.jpg 300w, https:\/\/uam.md\/wp-content\/uploads\/2024\/10\/3def82ea-1184-4a2a-b0b9-91a23ebb2702-768x576.jpg 768w, https:\/\/uam.md\/wp-content\/uploads\/2024\/10\/3def82ea-1184-4a2a-b0b9-91a23ebb2702-1536x1152.jpg 1536w, https:\/\/uam.md\/wp-content\/uploads\/2024\/10\/3def82ea-1184-4a2a-b0b9-91a23ebb2702.jpg 1600w\" sizes=\"auto, (max-width: 1024px) 100vw, 1024px\" \/><\/figure>\n<\/div>","protected":false},"excerpt":{"rendered":"<p>La data de 28 octombrie 2024, Uniunea Avoca\u021bilor din Republica Moldova a fost reprezentat\u0103 de Pre\u0219edintele Uniunii, domnul Dorin POPESCU, \u0219i de doamna Angela POPIL, membr\u0103 a Consiliului Uniunii, la [&hellip;]<\/p>\n","protected":false},"author":1,"featured_media":10833,"comment_status":"closed","ping_status":"closed","sticky":false,"template":"","format":"standard","meta":{"inline_featured_image":false,"footnotes":""},"categories":[9],"tags":[],"class_list":["post-10904","post","type-post","status-publish","format-standard","has-post-thumbnail","hentry","category-news"],"acf":[],"aioseo_notices":[],"_links":{"self":[{"href":"https:\/\/uam.md\/en\/wp-json\/wp\/v2\/posts\/10904","targetHints":{"allow":["GET"]}}],"collection":[{"href":"https:\/\/uam.md\/en\/wp-json\/wp\/v2\/posts"}],"about":[{"href":"https:\/\/uam.md\/en\/wp-json\/wp\/v2\/types\/post"}],"author":[{"embeddable":true,"href":"https:\/\/uam.md\/en\/wp-json\/wp\/v2\/users\/1"}],"replies":[{"embeddable":true,"href":"https:\/\/uam.md\/en\/wp-json\/wp\/v2\/comments?post=10904"}],"version-history":[{"count":1,"href":"https:\/\/uam.md\/en\/wp-json\/wp\/v2\/posts\/10904\/revisions"}],"predecessor-version":[{"id":10905,"href":"https:\/\/uam.md\/en\/wp-json\/wp\/v2\/posts\/10904\/revisions\/10905"}],"wp:featuredmedia":[{"embeddable":true,"href":"https:\/\/uam.md\/en\/wp-json\/wp\/v2\/media\/10833"}],"wp:attachment":[{"href":"https:\/\/uam.md\/en\/wp-json\/wp\/v2\/media?parent=10904"}],"wp:term":[{"taxonomy":"category","embeddable":true,"href":"https:\/\/uam.md\/en\/wp-json\/wp\/v2\/categories?post=10904"},{"taxonomy":"post_tag","embeddable":true,"href":"https:\/\/uam.md\/en\/wp-json\/wp\/v2\/tags?post=10904"}],"curies":[{"name":"wp","href":"https:\/\/api.w.org\/{rel}","templated":true}]}}