{"id":10906,"date":"2024-10-30T12:09:20","date_gmt":"2024-10-30T09:09:20","guid":{"rendered":"https:\/\/uam.md\/?p=10906"},"modified":"2024-11-07T10:41:43","modified_gmt":"2024-11-07T07:41:43","slug":"delegatia-uniunii-avocatilor-a-participat-la-evenimentul-aniversar-cu-genericul-baroul-iasi-160-de-ani-de-excelenta-in-avocatura","status":"publish","type":"post","link":"https:\/\/uam.md\/en\/delegatia-uniunii-avocatilor-a-participat-la-evenimentul-aniversar-cu-genericul-baroul-iasi-160-de-ani-de-excelenta-in-avocatura\/","title":{"rendered":"Delega\u021bia Uniunii Avoca\u021bilor a participat la evenimentul aniversar cu genericul \u201eBaroul Ia\u0219i-160 de ani de excelen\u021b\u0103 \u00een avocatur\u0103\u201d"},"content":{"rendered":"\n<p>La data de 26 octombrie 2024, delega\u021bia Uniunii Avoca\u021bilor din Republica Moldova, format\u0103 din dl avocat Dorin POPESCU, Pre\u0219edintele Uniunii Avoca\u021bilor din Republica Moldova, dl avocat Alexandru \u021aURCAN, Decan al Baroului Chi\u0219in\u0103u, dl avocat Victor PAN\u021a\u00ceRU, Prodecan al Baroului Chi\u0219in\u0103u \u0219i dna avocat Diana SANDULEAC, Decana Baroului B\u0103l\u021bi, au participat la evenimentul aniversar al Baroului Ia\u0219i, dedicat celor 160 de ani de existen\u021b\u0103 a Baroului.<\/p>\n\n\n\n<p>Evenimentul cu genericul \u201eBaroul Ia\u0219i \u2013 160 de ani de excelen\u021b\u0103 \u00een avocatur\u0103\u201d a reunit reprezentan\u021bii  Uniunii Na\u021bionale a Barourilor din Rom\u00e2nia, ai profesiilor juridice, institu\u021biilor din sistemul judiciar, autorit\u0103\u021bilor publice locale, precum \u0219i membri ai comunit\u0103\u021bii juridice interna\u021bionale. Evenimentul a fost dedicat celebr\u0103rii contribu\u021biei Baroului Ia\u0219i la dezvoltarea avocaturii \u00een Rom\u00e2nia \u0219i \u00eent\u0103rirea valorilor fundamentale ale statului de drept.<\/p>\n\n\n\n<p>Agenda manifest\u0103rii a inclus o serie de activit\u0103\u021bi menite s\u0103 onoreze istoria \u00eendelungat\u0103 a Baroului Ia\u0219i, dar \u0219i discu\u021bii despre rolul esen\u021bial pe care avoca\u021bii \u00eel joac\u0103 \u00een comunitate. Temele abordate au reflectat provoc\u0103rile actuale cu care se confrunt\u0103 profesia de avocat, \u00eentr-un context din ce \u00een ce mai dinamic \u0219i complex, facilit\u00e2nd astfel un dialog constructiv \u00eentre practicienii din domeniu.<\/p>\n\n\n\n<p>Prin participarea delega\u021biei Uniunii Avoca\u021bilor din Republica Moldova la aceste eveniment, a fost eviden\u021biat\u0103 consolidarea leg\u0103turilor inter-institu\u021bionale dintre Uniunea Avoca\u021bilor din Republica Moldova \u0219i barourile teritoriale din \u021bar\u0103, pe de o parte, \u0219i Baroul Ia\u0219i \u0219i Uniunea Na\u021bional\u0103 a Barourilor din Rom\u00e2nia, pe de alt\u0103 parte, fiind reafirmat angajamentul comun al avoca\u021bilor din Republica Moldova \u0219i Rom\u00e2nia de a promova valorile justi\u021biei \u0219i ale democra\u021biei.<\/p>\n\n\n<div class=\"wp-block-image\">\n<figure class=\"aligncenter size-large is-resized\"><img loading=\"lazy\" decoding=\"async\" width=\"1024\" height=\"687\" src=\"https:\/\/uam.md\/wp-content\/uploads\/2024\/10\/1f09862f-d1be-4f1f-afaf-578c5d6729b2-1024x687.jpg\" alt=\"\" class=\"wp-image-10832\" style=\"width:840px;height:auto\" srcset=\"https:\/\/uam.md\/wp-content\/uploads\/2024\/10\/1f09862f-d1be-4f1f-afaf-578c5d6729b2-1024x687.jpg 1024w, https:\/\/uam.md\/wp-content\/uploads\/2024\/10\/1f09862f-d1be-4f1f-afaf-578c5d6729b2-300x201.jpg 300w, https:\/\/uam.md\/wp-content\/uploads\/2024\/10\/1f09862f-d1be-4f1f-afaf-578c5d6729b2-768x516.jpg 768w, https:\/\/uam.md\/wp-content\/uploads\/2024\/10\/1f09862f-d1be-4f1f-afaf-578c5d6729b2.jpg 1342w\" sizes=\"auto, (max-width: 1024px) 100vw, 1024px\" \/><\/figure>\n<\/div>\n\n<div class=\"wp-block-image\">\n<figure class=\"aligncenter size-large\"><img loading=\"lazy\" decoding=\"async\" width=\"1024\" height=\"570\" src=\"https:\/\/uam.md\/wp-content\/uploads\/2024\/10\/101ee0a8-fea8-434c-9158-2169e0faaa84-1024x570.jpeg\" alt=\"\" class=\"wp-image-10835\" srcset=\"https:\/\/uam.md\/wp-content\/uploads\/2024\/10\/101ee0a8-fea8-434c-9158-2169e0faaa84-1024x570.jpeg 1024w, https:\/\/uam.md\/wp-content\/uploads\/2024\/10\/101ee0a8-fea8-434c-9158-2169e0faaa84-300x167.jpeg 300w, https:\/\/uam.md\/wp-content\/uploads\/2024\/10\/101ee0a8-fea8-434c-9158-2169e0faaa84-768x427.jpeg 768w, https:\/\/uam.md\/wp-content\/uploads\/2024\/10\/101ee0a8-fea8-434c-9158-2169e0faaa84.jpeg 1123w\" sizes=\"auto, (max-width: 1024px) 100vw, 1024px\" \/><\/figure>\n<\/div>\n\n<div class=\"wp-block-image\">\n<figure class=\"aligncenter size-large\"><img loading=\"lazy\" decoding=\"async\" width=\"1024\" height=\"674\" src=\"http:\/\/uam.md\/wp-content\/uploads\/2024\/10\/ed253bfc-fa42-45f9-a129-4186b3f56f12-1024x674.jpeg\" alt=\"\" class=\"wp-image-10836\" srcset=\"https:\/\/uam.md\/wp-content\/uploads\/2024\/10\/ed253bfc-fa42-45f9-a129-4186b3f56f12-1024x674.jpeg 1024w, https:\/\/uam.md\/wp-content\/uploads\/2024\/10\/ed253bfc-fa42-45f9-a129-4186b3f56f12-300x197.jpeg 300w, https:\/\/uam.md\/wp-content\/uploads\/2024\/10\/ed253bfc-fa42-45f9-a129-4186b3f56f12-768x505.jpeg 768w, https:\/\/uam.md\/wp-content\/uploads\/2024\/10\/ed253bfc-fa42-45f9-a129-4186b3f56f12.jpeg 1298w\" sizes=\"auto, (max-width: 1024px) 100vw, 1024px\" \/><\/figure>\n<\/div>\n\n<div class=\"wp-block-image\">\n<figure class=\"aligncenter size-large\"><img loading=\"lazy\" decoding=\"async\" width=\"1024\" height=\"768\" src=\"http:\/\/uam.md\/wp-content\/uploads\/2024\/10\/090e6433-a8e8-426b-83d1-d4e8d0e0ece6-1024x768.jpeg\" alt=\"\" class=\"wp-image-10837\" srcset=\"https:\/\/uam.md\/wp-content\/uploads\/2024\/10\/090e6433-a8e8-426b-83d1-d4e8d0e0ece6-1024x768.jpeg 1024w, https:\/\/uam.md\/wp-content\/uploads\/2024\/10\/090e6433-a8e8-426b-83d1-d4e8d0e0ece6-300x225.jpeg 300w, https:\/\/uam.md\/wp-content\/uploads\/2024\/10\/090e6433-a8e8-426b-83d1-d4e8d0e0ece6-768x576.jpeg 768w, https:\/\/uam.md\/wp-content\/uploads\/2024\/10\/090e6433-a8e8-426b-83d1-d4e8d0e0ece6-1536x1152.jpeg 1536w, https:\/\/uam.md\/wp-content\/uploads\/2024\/10\/090e6433-a8e8-426b-83d1-d4e8d0e0ece6.jpeg 1600w\" sizes=\"auto, (max-width: 1024px) 100vw, 1024px\" \/><\/figure>\n<\/div>\n\n\n<p><\/p>\n","protected":false},"excerpt":{"rendered":"<p>La data de 26 octombrie 2024, delega\u021bia Uniunii Avoca\u021bilor din Republica Moldova, format\u0103 din dl avocat Dorin POPESCU, Pre\u0219edintele Uniunii Avoca\u021bilor din Republica Moldova, dl avocat Alexandru \u021aURCAN, Decan al [&hellip;]<\/p>\n","protected":false},"author":1,"featured_media":10832,"comment_status":"closed","ping_status":"closed","sticky":false,"template":"","format":"standard","meta":{"inline_featured_image":false,"footnotes":""},"categories":[9],"tags":[],"class_list":["post-10906","post","type-post","status-publish","format-standard","has-post-thumbnail","hentry","category-news"],"acf":[],"aioseo_notices":[],"_links":{"self":[{"href":"https:\/\/uam.md\/en\/wp-json\/wp\/v2\/posts\/10906","targetHints":{"allow":["GET"]}}],"collection":[{"href":"https:\/\/uam.md\/en\/wp-json\/wp\/v2\/posts"}],"about":[{"href":"https:\/\/uam.md\/en\/wp-json\/wp\/v2\/types\/post"}],"author":[{"embeddable":true,"href":"https:\/\/uam.md\/en\/wp-json\/wp\/v2\/users\/1"}],"replies":[{"embeddable":true,"href":"https:\/\/uam.md\/en\/wp-json\/wp\/v2\/comments?post=10906"}],"version-history":[{"count":1,"href":"https:\/\/uam.md\/en\/wp-json\/wp\/v2\/posts\/10906\/revisions"}],"predecessor-version":[{"id":10907,"href":"https:\/\/uam.md\/en\/wp-json\/wp\/v2\/posts\/10906\/revisions\/10907"}],"wp:featuredmedia":[{"embeddable":true,"href":"https:\/\/uam.md\/en\/wp-json\/wp\/v2\/media\/10832"}],"wp:attachment":[{"href":"https:\/\/uam.md\/en\/wp-json\/wp\/v2\/media?parent=10906"}],"wp:term":[{"taxonomy":"category","embeddable":true,"href":"https:\/\/uam.md\/en\/wp-json\/wp\/v2\/categories?post=10906"},{"taxonomy":"post_tag","embeddable":true,"href":"https:\/\/uam.md\/en\/wp-json\/wp\/v2\/tags?post=10906"}],"curies":[{"name":"wp","href":"https:\/\/api.w.org\/{rel}","templated":true}]}}