{"id":11308,"date":"2025-01-09T12:24:27","date_gmt":"2025-01-09T09:24:27","guid":{"rendered":"https:\/\/uam.md\/?p=11308"},"modified":"2025-01-09T12:24:28","modified_gmt":"2025-01-09T09:24:28","slug":"invitatie-pentru-formatori-centrul-de-instruire-al-avocatilor-din-republica-moldova","status":"publish","type":"post","link":"https:\/\/uam.md\/en\/invitatie-pentru-formatori-centrul-de-instruire-al-avocatilor-din-republica-moldova\/","title":{"rendered":"Invita\u021bie pentru Formatori \u2013 Centrul de Instruire al Avoca\u021bilor din Republica Moldova"},"content":{"rendered":"\n<p>Centrul de Instruire al Avoca\u021bilor din Republica Moldova deschide u\u0219ile c\u0103tre o nou\u0103 er\u0103 de excelen\u021b\u0103 profesional\u0103 \u0219i v\u0103 invit\u0103 s\u0103 face\u021bi parte din echipa noastr\u0103 dedicat\u0103 form\u0103rii avoca\u021bilor de azi \u0219i de m\u00e2ine.<\/p>\n\n\n\n<p>Dac\u0103 sunte\u021bi un\/o expert\/\u0103 \u00eentr-un domeniu relevant pentru profesia de avocat \u0219i dori\u021bi s\u0103 \u00eemp\u0103rt\u0103\u0219i\u021bi cuno\u0219tin\u021bele \u0219i experien\u021ba dumneavoastr\u0103, v\u0103 \u00eencuraj\u0103m s\u0103 aplica\u021bi pentru a deveni formator \u00een cadrul Centrului de Instruire al Avoca\u021bilor. Este ocazia perfect\u0103 de a contribui la consolidarea unei comunit\u0103\u021bi profesionale puternice \u0219i competente.<\/p>\n\n\n\n<p>V\u0103 invit\u0103m s\u0103 trimite\u021bi\u00a0<strong>CV-ul \u0219i un <a href=\"https:\/\/uam.md\/wp-content\/uploads\/2025\/01\/Proiect-curriculum.docx\" title=\"\">proiect de curriculum<\/a><\/strong>\u00a0la adresa:\u00a0<a href=\"mailto:entrulcia@gmail.com\" target=\"_blank\" rel=\"noreferrer noopener\">centrulcia@gmail.com<\/a>.\u00a0<\/p>\n\n\n\n<p>Aceasta este o oportunitate de a influen\u021ba viitorul profesional al colegilor avoca\u021bi \u0219i de a contribui activ inclusiv la dezvoltarea competen\u021belor \u00een domeniul Dvs. de expertiz\u0103.<\/p>\n\n\n\n<p>Prin decizia Consiliului Centrului de Instruire al Avoca\u021bilor, am decis&nbsp;<strong>s\u0103 organiz\u0103m un concurs deschis pentru selectarea formatorilor<\/strong>, oferind astfel o platform\u0103 pentru idei noi \u0219i abord\u0103ri didactice creative.<\/p>\n\n\n\n<p>A\u0219tept\u0103m cu entuziasm aplica\u021biile dumneavoastr\u0103 \u0219i suntem ner\u0103bd\u0103tori s\u0103 colabor\u0103m pentru a defini standardele excelen\u021bei \u00een formarea profesional\u0103 juridic\u0103!<\/p>\n\n\n\n<p><\/p>\n","protected":false},"excerpt":{"rendered":"<p>Centrul de Instruire al Avoca\u021bilor din Republica Moldova deschide u\u0219ile c\u0103tre o nou\u0103 er\u0103 de excelen\u021b\u0103 profesional\u0103 \u0219i v\u0103 invit\u0103 s\u0103 face\u021bi parte din echipa noastr\u0103 dedicat\u0103 form\u0103rii avoca\u021bilor de [&hellip;]<\/p>\n","protected":false},"author":1,"featured_media":6974,"comment_status":"closed","ping_status":"closed","sticky":false,"template":"","format":"standard","meta":{"inline_featured_image":false,"footnotes":""},"categories":[9],"tags":[],"class_list":["post-11308","post","type-post","status-publish","format-standard","has-post-thumbnail","hentry","category-news"],"acf":[],"aioseo_notices":[],"_links":{"self":[{"href":"https:\/\/uam.md\/en\/wp-json\/wp\/v2\/posts\/11308","targetHints":{"allow":["GET"]}}],"collection":[{"href":"https:\/\/uam.md\/en\/wp-json\/wp\/v2\/posts"}],"about":[{"href":"https:\/\/uam.md\/en\/wp-json\/wp\/v2\/types\/post"}],"author":[{"embeddable":true,"href":"https:\/\/uam.md\/en\/wp-json\/wp\/v2\/users\/1"}],"replies":[{"embeddable":true,"href":"https:\/\/uam.md\/en\/wp-json\/wp\/v2\/comments?post=11308"}],"version-history":[{"count":1,"href":"https:\/\/uam.md\/en\/wp-json\/wp\/v2\/posts\/11308\/revisions"}],"predecessor-version":[{"id":11310,"href":"https:\/\/uam.md\/en\/wp-json\/wp\/v2\/posts\/11308\/revisions\/11310"}],"wp:featuredmedia":[{"embeddable":true,"href":"https:\/\/uam.md\/en\/wp-json\/wp\/v2\/media\/6974"}],"wp:attachment":[{"href":"https:\/\/uam.md\/en\/wp-json\/wp\/v2\/media?parent=11308"}],"wp:term":[{"taxonomy":"category","embeddable":true,"href":"https:\/\/uam.md\/en\/wp-json\/wp\/v2\/categories?post=11308"},{"taxonomy":"post_tag","embeddable":true,"href":"https:\/\/uam.md\/en\/wp-json\/wp\/v2\/tags?post=11308"}],"curies":[{"name":"wp","href":"https:\/\/api.w.org\/{rel}","templated":true}]}}