{"id":11370,"date":"2025-01-13T12:43:21","date_gmt":"2025-01-13T09:43:21","guid":{"rendered":"https:\/\/uam.md\/?p=11370"},"modified":"2025-01-13T12:44:06","modified_gmt":"2025-01-13T09:44:06","slug":"programul-de-lucru-al-penitenciarului-nr-13-chisinau-pe-perioada-starii-de-urgenta","status":"publish","type":"post","link":"https:\/\/uam.md\/en\/programul-de-lucru-al-penitenciarului-nr-13-chisinau-pe-perioada-starii-de-urgenta\/","title":{"rendered":"Programul de lucru al Penitenciarului nr. 13-Chi\u0219in\u0103u pe perioada st\u0103rii de urgen\u021b\u0103"},"content":{"rendered":"\n<p>\u200bStima\u021bi avoca\u021bi,<\/p>\n\n\n\n<p>V\u0103&nbsp;\u200bi\u200bnform\u0103m despre&nbsp;faptul c\u0103\u200b,&nbsp;la&nbsp;<strong>09 ianuarie 2025\u200b,&nbsp;<\/strong>a fost aprobat&nbsp;<strong>Ordinul Directorului Penitenciarului nr.13-Chi\u0219in\u0103u cu privire la luarea unor m\u0103suri de eficientizare a consumului resurselor energetice pe perioada st\u0103rii de urgen\u021b\u0103 declarat\u0103 pe teritoriul Republicii Moldova.<\/strong>&nbsp;Acest ordin a fost adoptat&nbsp;\u00een contextul adopt\u0103rii Hot\u0103r\u00e2rii Parlamentului nr. 286\/2024 privind declararea st\u0103rii de urgen\u021b\u0103, a Dispozi\u021biei Comisiei pentru Situa\u021bii Excep\u021bionale nr. 1 din 27 decembrie 2024 \u0219i a Ordinului Directorului Administra\u021biei Na\u021bionale a Penitenciarelor nr. 1 din 2 ianuarie 2025 cu privire eficientizare a consumului resurselor energetice \u00een cadrul subdiviziunilor sistemului administra\u021biei penitenciare \u00een contextul declar\u0103rii st\u0103rii de urgen\u021b\u0103 pe teritoriul Republicii Moldova.<\/p>\n\n\n\n<p>Astfel, \u00eencep\u00e2nd cu&nbsp;<strong>09 ianuarie 2025<\/strong>, pe perioada st\u0103rii de urgen\u021b\u0103 declarat\u0103 pe teritoriul Republicii Moldova, programul de munc\u0103 pentru personalul Penitenciarului nr. 13 &#8211; Chi\u0219in\u0103u este stabilit \u00eentre orele:<\/p>\n\n\n\n<ul class=\"wp-block-list\">\n<li><strong>08:00 &#8211; 12:00<\/strong>&nbsp;\u0219i<\/li>\n\n\n\n<li><strong>12:30 &#8211; 16:30<\/strong>.<\/li>\n<\/ul>\n\n\n\n<p>\u00cen acest context, \u00een aceast\u0103 perioad\u0103,&nbsp;<strong>programul pentru \u00eentrevederile avoca\u021bilor cu de\u021binu\u021bii<\/strong>&nbsp;este stabilit pentru urm\u0103torul interval de timp:<\/p>\n\n\n\n<ul class=\"wp-block-list\">\n<li><strong>08:30 &#8211; 12:00<\/strong>&nbsp;\u0219i<\/li>\n\n\n\n<li><strong>12:30 &#8211; 16:00<\/strong>.<\/li>\n<\/ul>\n","protected":false},"excerpt":{"rendered":"<p>\u200bStima\u021bi avoca\u021bi, V\u0103&nbsp;\u200bi\u200bnform\u0103m despre&nbsp;faptul c\u0103\u200b,&nbsp;la&nbsp;09 ianuarie 2025\u200b,&nbsp;a fost aprobat&nbsp;Ordinul Directorului Penitenciarului nr.13-Chi\u0219in\u0103u cu privire la luarea unor m\u0103suri de eficientizare a consumului resurselor energetice pe perioada st\u0103rii de urgen\u021b\u0103 declarat\u0103 [&hellip;]<\/p>\n","protected":false},"author":1,"featured_media":11368,"comment_status":"closed","ping_status":"closed","sticky":false,"template":"","format":"standard","meta":{"inline_featured_image":false,"footnotes":""},"categories":[9],"tags":[],"class_list":["post-11370","post","type-post","status-publish","format-standard","has-post-thumbnail","hentry","category-news"],"acf":[],"aioseo_notices":[],"_links":{"self":[{"href":"https:\/\/uam.md\/en\/wp-json\/wp\/v2\/posts\/11370","targetHints":{"allow":["GET"]}}],"collection":[{"href":"https:\/\/uam.md\/en\/wp-json\/wp\/v2\/posts"}],"about":[{"href":"https:\/\/uam.md\/en\/wp-json\/wp\/v2\/types\/post"}],"author":[{"embeddable":true,"href":"https:\/\/uam.md\/en\/wp-json\/wp\/v2\/users\/1"}],"replies":[{"embeddable":true,"href":"https:\/\/uam.md\/en\/wp-json\/wp\/v2\/comments?post=11370"}],"version-history":[{"count":1,"href":"https:\/\/uam.md\/en\/wp-json\/wp\/v2\/posts\/11370\/revisions"}],"predecessor-version":[{"id":11371,"href":"https:\/\/uam.md\/en\/wp-json\/wp\/v2\/posts\/11370\/revisions\/11371"}],"wp:featuredmedia":[{"embeddable":true,"href":"https:\/\/uam.md\/en\/wp-json\/wp\/v2\/media\/11368"}],"wp:attachment":[{"href":"https:\/\/uam.md\/en\/wp-json\/wp\/v2\/media?parent=11370"}],"wp:term":[{"taxonomy":"category","embeddable":true,"href":"https:\/\/uam.md\/en\/wp-json\/wp\/v2\/categories?post=11370"},{"taxonomy":"post_tag","embeddable":true,"href":"https:\/\/uam.md\/en\/wp-json\/wp\/v2\/tags?post=11370"}],"curies":[{"name":"wp","href":"https:\/\/api.w.org\/{rel}","templated":true}]}}