{"id":12096,"date":"2025-03-17T11:38:20","date_gmt":"2025-03-17T08:38:20","guid":{"rendered":"https:\/\/uam.md\/?p=12096"},"modified":"2025-04-07T10:14:51","modified_gmt":"2025-04-07T07:14:51","slug":"adoptarea-conventiei-privind-protectia-profesiei-de-avocat","status":"publish","type":"post","link":"https:\/\/uam.md\/en\/adoptarea-conventiei-privind-protectia-profesiei-de-avocat\/","title":{"rendered":"Adoptarea Conven\u021biei privind protec\u021bia profesiei de avocat"},"content":{"rendered":"\n<p><em>\u00cen aten\u021bia avoca\u021bilor, avoca\u021bilor-stagiari \u0219i a societ\u0103\u021bii<\/em><\/p>\n\n\n\n<p>\u200bLa data de 12 martie 2025, Comitetul Mini\u0219trilor Consiliului Europei a adoptat <strong>Conven\u021bia privind protec\u021bia profesiei de avocat<\/strong>, un pas istoric \u0219i crucial \u00een consolidarea statului de drept \u0219i ap\u0103rarea drepturilor fundamentale, marc\u00e2nd finalizarea unui proces complex de negociere demarat \u00een 2018.<\/p>\n\n\n\n<p>Conven\u021bia este primul instrument juridic interna\u021bional care garanteaz\u0103 protec\u021bia avoca\u021bilor \u00eempotriva amenin\u021b\u0103rilor, intimid\u0103rilor sau altor forme de ingerin\u021b\u0103, asigur\u00e2ndu-le un cadru de securitate \u0219i independen\u021b\u0103 absolut necesar pentru desf\u0103\u0219urarea activit\u0103\u021bii lor. Prin semnarea acesteia, statele \u00ee\u0219i asum\u0103 responsabilitatea de a crea \u0219i men\u021bine un mediu sigur, \u00een care avoca\u021bii s\u0103 poat\u0103 lucra f\u0103r\u0103 interferen\u021be externe, av\u00e2nd libertatea de a ac\u021biona conform principiilor fundamentale ale dreptului \u0219i eticii profesionale.<\/p>\n\n\n\n<p>Adoptarea \u0219i ratificarea acestei Conven\u021bii reprezint\u0103 un pas semnificativ \u00een consolidarea independen\u021bei profesiei de avocat, subliniind angajamentul statelor semnatare de a asigura autonomia profesiilor libere aferente sistemului justi\u021biei, f\u0103r\u0103 imixtiune din partea autorit\u0103\u021bilor sau altor entit\u0103\u021bi externe.<\/p>\n\n\n\n<p>Conven\u021bia instituie mecanisme prin care, statele se angajeaz\u0103 s\u0103 protejeze nu doar avoca\u021bii, ci \u0219i organele profesionale care le reglementeaz\u0103 activitatea, asigur\u00e2ndu-se c\u0103 ace\u0219tia \u00ee\u0219i pot exercita activitatea f\u0103r\u0103 constr\u00e2ngeri. Protec\u021bia confiden\u021bialit\u0103\u021bii comunic\u0103rilor avocat-client \u0219i dreptul avoca\u021bilor de a refuza cazuri f\u0103r\u0103 a fi supu\u0219i constr\u00e2ngerilor externe sunt printre principalele drepturi garantate prin acest instrument interna\u021bional.<\/p>\n\n\n\n<p>Totodat\u0103, statele care vor ratifica conven\u021bia sunt obligate s\u0103 adopte m\u0103suri concrete pentru prevenirea \u0219i sanc\u021bionarea oric\u0103ror atacuri \u00eempotriva avoca\u021bilor, inclusiv violen\u021be fizice, amenin\u021b\u0103ri sau procese abuzive, asigur\u00e2nd, astfel, o protec\u021bie robust\u0103 \u00eempotriva oric\u0103ror forme de abuz. Un grup de exper\u021bi (GRAVO) va fi responsabil de supravegherea implement\u0103rii corecte a prevederilor Conven\u021biei, efectu\u00e2nd evalu\u0103ri periodice \u0219i intervenind prompt \u00een cazuri grave, pentru a asigura respectarea integral\u0103 a normelor stabilite.<\/p>\n\n\n\n<p>Conven\u021bia va fi oficial deschis\u0103 pentru semare \u00een mai 2025, iar aceasta va intra \u00een vigoare la trei luni dup\u0103 ce cel pu\u021bin opt state, dintre care minimum \u0219ase membre ale Consiliului Europei, vor finaliza procesul de ratificare.<\/p>\n\n\n\n<p>Uniunea Avoca\u021bilor din Republica Moldova a promovat constant independen\u021ba \u0219i autonomia profesiei de avocat. \u00cen comun cu Ministerul Justi\u021biei a promovat introducerea \u00een Codul penal a r\u0103spunderii penale pentru amestecul \u00een activitatea avocatului sau a avocatului stagiar (art. 303<sup>1<\/sup> Cod penal), drept urmare, salut\u0103 adoptarea Conven\u021biei \u0219i subliniaz\u0103 importan\u021ba sa crucial\u0103 pentru independen\u021ba justi\u021biei, protec\u021bia profesiei de avocat \u0219i ap\u0103rarea drepturilor fundamentale ale cet\u0103\u021benilor.<\/p>\n\n\n\n<p>Exprim\u0103m speran\u021ba c\u0103 Autorit\u0103\u021bile competente din Republica Moldova vor depune eforturile necesare pentru a ratifica Conven\u021bia privind protec\u021bia profesiei de avocat, reafirm\u00e2nd astfel angajamentul \u00een promovarea \u0219i consolidarea statului de drept \u0219i a valorilor fundamentale ale democra\u021biei.<\/p>\n\n\n\n<p>Uniunea&nbsp; Avoca\u021bilor va continua s\u0103 sprijine toate ini\u021biativele care asigur\u0103 garan\u021biile profesionale ale avoca\u021bilor, protec\u021bia confiden\u021bialit\u0103\u021bii \u0219i a secretului profesional, independen\u021ba \u0219i autonomia profesiei de avocat, contribuind astfel la men\u021binerea Statului de Drept.<\/p>\n","protected":false},"excerpt":{"rendered":"<p>\u00cen aten\u021bia avoca\u021bilor, avoca\u021bilor-stagiari \u0219i a societ\u0103\u021bii \u200bLa data de 12 martie 2025, Comitetul Mini\u0219trilor Consiliului Europei a adoptat Conven\u021bia privind protec\u021bia profesiei de avocat, un pas istoric \u0219i crucial [&hellip;]<\/p>\n","protected":false},"author":1,"featured_media":11926,"comment_status":"closed","ping_status":"closed","sticky":false,"template":"","format":"standard","meta":{"inline_featured_image":false,"footnotes":""},"categories":[9],"tags":[],"class_list":["post-12096","post","type-post","status-publish","format-standard","has-post-thumbnail","hentry","category-news"],"acf":[],"aioseo_notices":[],"_links":{"self":[{"href":"https:\/\/uam.md\/en\/wp-json\/wp\/v2\/posts\/12096","targetHints":{"allow":["GET"]}}],"collection":[{"href":"https:\/\/uam.md\/en\/wp-json\/wp\/v2\/posts"}],"about":[{"href":"https:\/\/uam.md\/en\/wp-json\/wp\/v2\/types\/post"}],"author":[{"embeddable":true,"href":"https:\/\/uam.md\/en\/wp-json\/wp\/v2\/users\/1"}],"replies":[{"embeddable":true,"href":"https:\/\/uam.md\/en\/wp-json\/wp\/v2\/comments?post=12096"}],"version-history":[{"count":1,"href":"https:\/\/uam.md\/en\/wp-json\/wp\/v2\/posts\/12096\/revisions"}],"predecessor-version":[{"id":12097,"href":"https:\/\/uam.md\/en\/wp-json\/wp\/v2\/posts\/12096\/revisions\/12097"}],"wp:featuredmedia":[{"embeddable":true,"href":"https:\/\/uam.md\/en\/wp-json\/wp\/v2\/media\/11926"}],"wp:attachment":[{"href":"https:\/\/uam.md\/en\/wp-json\/wp\/v2\/media?parent=12096"}],"wp:term":[{"taxonomy":"category","embeddable":true,"href":"https:\/\/uam.md\/en\/wp-json\/wp\/v2\/categories?post=12096"},{"taxonomy":"post_tag","embeddable":true,"href":"https:\/\/uam.md\/en\/wp-json\/wp\/v2\/tags?post=12096"}],"curies":[{"name":"wp","href":"https:\/\/api.w.org\/{rel}","templated":true}]}}