{"id":12102,"date":"2025-04-02T09:34:43","date_gmt":"2025-04-02T06:34:43","guid":{"rendered":"https:\/\/uam.md\/?p=12102"},"modified":"2025-04-07T10:19:13","modified_gmt":"2025-04-07T07:19:13","slug":"examenul-de-calificare-in-profesia-de-avocat-sesiunea-primavara-2025","status":"publish","type":"post","link":"https:\/\/uam.md\/en\/examenul-de-calificare-in-profesia-de-avocat-sesiunea-primavara-2025\/","title":{"rendered":"Examenul de calificare \u00een profesia de avocat, sesiunea prim\u0103vara 2025"},"content":{"rendered":"\n<p>Comisia de licen\u021biere a profesiei de avocat, prin hot\u0103r\u00e2rea nr. 7\/26\/2024, adoptat\u0103 la 4 decembrie 2024 (<a href=\"https:\/\/uam.md\/wp-content\/uploads\/2024\/12\/7-Hot.nr_.7.26.2024-examenele-anului-2025-CL.semnat.pdf\">https:\/\/uam.md\/wp-content\/uploads\/2024\/12\/7-Hot.nr_.7.26.2024-examenele-anului-2025-CL.semnat.pdf<\/a>), a stabilit&nbsp;<strong>desf\u0103\u0219urarea examenului de calificare \u00een profesia de avocat:<\/strong><\/p>\n\n\n\n<p><strong>Proba scris\u0103 \u2013&nbsp;<u>20 mai 2025,<\/u><\/strong>&nbsp;<strong>cu \u00eencepere de la ora 09.30;<\/strong><\/p>\n\n\n\n<p><strong>Proba verbal\u0103<em>&nbsp;\u2013&nbsp;<\/em><u>10, 11, 12 iunie 2025,<\/u>&nbsp;cu \u00eencepere de la ora 09.30.<\/strong><\/p>\n\n\n\n<p>Cererea \u0219i actele necesare pentru participare la examenul de calificare \u00een profesia de avocat urmeaz\u0103 a fi depuse la Uniunea Avoca\u021bilor din Republica Moldova, mun. Chi\u0219in\u0103u, str. Bucure\u0219ti, 46, \u00een perioada:<\/p>\n\n\n\n<p><strong><u>14 aprilie \u2013 7 mai 2025<\/u><\/strong>,&nbsp;<strong>(\u00eentre orele 09:00 \u2013 11:00, 13:00 \u2013 15:00)<\/strong>.<\/p>\n\n\n\n<p>Modelul cererii de \u00eenscriere la examenul de calificare \u00een profesia de avocat&nbsp;<strong>\u00een urma efectu\u0103rii stagiului profesional \u00een avocatur\u0103<\/strong>&nbsp;\u0219i a declara\u021biilor respective pot fi vizualizate&nbsp;<a href=\"https:\/\/uam.md\/wp-content\/uploads\/2024\/09\/cerere_examen_de_calificare_stagiar_4132197-2-1-1.docx\" target=\"_blank\" rel=\"noreferrer noopener\"><strong>AICI<\/strong><\/a>.<\/p>\n\n\n\n<p>Modelul cererii de \u00eenscriere la examenul de calificare \u00een profesia de avocat&nbsp;<strong>\u00een temeiul art. 10 alin. (2) al Legii nr. 1260\/2002 cu privire la avocatur\u0103&nbsp;<\/strong>\u0219i a declara\u021biilor respective pot fi vizualizate&nbsp;<a href=\"https:\/\/uam.md\/wp-content\/uploads\/2024\/04\/cerere_examen_de_calificare_art__10_439851-4-1.docx\" target=\"_blank\" rel=\"noreferrer noopener\"><strong>AICI<\/strong><\/a><\/p>\n\n\n\n<p><strong><em>Lista temelor care vor sta la baza subiectelor, \u00eentreb\u0103rilor \u015fi spe\u0163elor pentru examenul de calificare \u00een profesia de avocat, vor fi <\/em><\/strong><strong><em>publicate <\/em><\/strong><strong><em>cu cel pu\u021bin 30 de zile \u00eenainte de \u00eenceperea examenului de calificare pe pagina web oficial\u0103 a Uniunii Avoca\u021bilor <\/em><\/strong><strong><em>(<a href=\"https:\/\/uam.md\/avocatii\/vrei-sa-devii-avocat\/admiterea-in-profesie\/\">https:\/\/uam.md\/avocatii\/vrei-sa-devii-avocat\/admiterea-in-profesie\/<\/a>)<\/em><\/strong><\/p>\n","protected":false},"excerpt":{"rendered":"<p>Comisia de licen\u021biere a profesiei de avocat, prin hot\u0103r\u00e2rea nr. 7\/26\/2024, adoptat\u0103 la 4 decembrie 2024 (https:\/\/uam.md\/wp-content\/uploads\/2024\/12\/7-Hot.nr_.7.26.2024-examenele-anului-2025-CL.semnat.pdf), a stabilit&nbsp;desf\u0103\u0219urarea examenului de calificare \u00een profesia de avocat: Proba scris\u0103 \u2013&nbsp;20 mai [&hellip;]<\/p>\n","protected":false},"author":1,"featured_media":6990,"comment_status":"closed","ping_status":"closed","sticky":false,"template":"","format":"standard","meta":{"inline_featured_image":false,"footnotes":""},"categories":[9],"tags":[],"class_list":["post-12102","post","type-post","status-publish","format-standard","has-post-thumbnail","hentry","category-news"],"acf":[],"aioseo_notices":[],"_links":{"self":[{"href":"https:\/\/uam.md\/en\/wp-json\/wp\/v2\/posts\/12102","targetHints":{"allow":["GET"]}}],"collection":[{"href":"https:\/\/uam.md\/en\/wp-json\/wp\/v2\/posts"}],"about":[{"href":"https:\/\/uam.md\/en\/wp-json\/wp\/v2\/types\/post"}],"author":[{"embeddable":true,"href":"https:\/\/uam.md\/en\/wp-json\/wp\/v2\/users\/1"}],"replies":[{"embeddable":true,"href":"https:\/\/uam.md\/en\/wp-json\/wp\/v2\/comments?post=12102"}],"version-history":[{"count":1,"href":"https:\/\/uam.md\/en\/wp-json\/wp\/v2\/posts\/12102\/revisions"}],"predecessor-version":[{"id":12103,"href":"https:\/\/uam.md\/en\/wp-json\/wp\/v2\/posts\/12102\/revisions\/12103"}],"wp:featuredmedia":[{"embeddable":true,"href":"https:\/\/uam.md\/en\/wp-json\/wp\/v2\/media\/6990"}],"wp:attachment":[{"href":"https:\/\/uam.md\/en\/wp-json\/wp\/v2\/media?parent=12102"}],"wp:term":[{"taxonomy":"category","embeddable":true,"href":"https:\/\/uam.md\/en\/wp-json\/wp\/v2\/categories?post=12102"},{"taxonomy":"post_tag","embeddable":true,"href":"https:\/\/uam.md\/en\/wp-json\/wp\/v2\/tags?post=12102"}],"curies":[{"name":"wp","href":"https:\/\/api.w.org\/{rel}","templated":true}]}}