{"id":6303,"date":"2023-09-13T13:06:00","date_gmt":"2023-09-13T10:06:00","guid":{"rendered":"https:\/\/new.uam.md\/?p=6303"},"modified":"2024-02-22T13:04:22","modified_gmt":"2024-02-22T10:04:22","slug":"international-bar-association-conference-on-8-september-2023","status":"publish","type":"post","link":"https:\/\/uam.md\/en\/international-bar-association-conference-on-8-september-2023\/","title":{"rendered":"The Union of Advocates organised an International Conference on 8 September 2023"},"content":{"rendered":"\n<p>On September 8, 2023, the International Conference of the Union of Advocates of the Republic of Moldova took place with the theme &#8220;The role of the lawyer in modern society&#8221;, organized in the context of the Lawyer&#8217;s Day in the Republic of Moldova, celebrated every year on September 9.<\/p>\n\n\n\n<p>The conference was a successful event that brought together renowned lawyers and legal experts from Europe, thus providing a platform for discussion, exchange of ideas and experience on the most current topics in the field of law at national and international level , such as the risks of the legal profession, the digitization of the legal profession and judicial processes, new forms of organization of the legal profession.<\/p>\n\n\n\n<p>The conference included the opening session, two plenary sessions and a special session.<\/p>\n\n\n\n<p>The event started with the speech of the President of the Union of Lawyers from the Republic of Moldova, Dorin POPESCU. In the opening session of the conference, Veronica MIHAILOV-MORARU, Panagiotis PERAKIS, Lydia IZOVITOVA, Daniel-C\u0103t\u0103lin FENECHIU came with a word of appreciation for the importance of the topics to be addressed, but also with congratulatory messages on Lawyer&#8217;s Day in the Republic of Moldova and Alexandru POSTICA.<\/p>\n\n\n\n<p>In the first plenary session, moderated by the President of the Union of Lawyers from the Republic of Moldova, Dorin POPESCU, the risks of the lawyer profession were discussed, and special contributions were made by international guests, Anna LAZARCHUK, Fabien ARAKELIAN, Vincent MAUREL, Robert RO\u0218U and lawyers from Republic of Moldova, Victor MUNTEANU, Alexandru GROSU, Alexandru POSTICA, Denis TERIO\u0218CHIN and Doina-Ioana STR\u0102ISTEANU.<\/p>\n\n\n\n<p>In the second plenary session, moderated by the Dean of the Chisinau Bar, Alexandru \u021aURCAN, the digitization of court processes was discussed, exploring the impact of technology and innovation on the justice system. Florentin \u021aUCA, Iurii GRYGORENKO, Au\u0161ra RAULI\u010cKYT\u0116, Lucia POPESCU, Mr. Sorin POPESCU, Andrei OJOGA, Natalia BALABAN and Vitalie E\u0218ANU intervened with valuable speeches.<\/p>\n\n\n\n<p>The special session had as its topic &#8220;New forms of exercising the profession&#8221;, to which the university professor, Doctor of Law, Lucian-Bernd S\u0102ULEANU and the ex-dean, advisor of the Hauts-de-Seine Bar Association from France, contributed with valuable presentations in the National Council of French Bars, Vincent MAUREL.<\/p>\n\n\n\n<p>The Union of Lawyers from the Republic of Moldova expresses sincere gratitude to the guests and participants of the conference for their outstanding contribution to its success. We are confident that we hosted a high-quality event and look forward to future opportunities to collaborate and share experiences!<\/p>\n\n\n\n<p>We thank the international guests for their participation and involvement:<\/p>\n\n\n\n<p>Panagiotis PERAKIS, President of the Council of European Bars<br>Lydia IZOVITOVA, President of the National Union of Bar Associations of Ukraine<br>Ion DRAGNE, vice president of the National Union of Romanian Bar Associations, dean of the Bucharest Bar Association<br>Daniel-C\u0103t\u0103lin FENECHIU, vice president of the National Union of Romanian Bar Associations<br>Oleksiy KUHAR, vice president of the National Union of Bar Associations of Ukraine<br>Liviu-Viorel MIHAI, vice president of the National Union of Romanian Bar Associations, dean of the Suceava Bar Association<br>Emanuela-Maria ANTONESCU, dean of the Prahova Bar Association<br>Isabelle CLANET DIT LAMANIT, dean of the Hauts-de-Seine Bar in Paris (West) France<br>Olena DZHABURIYA, dean of the Odesa Bar Association in Ukraine<br>C\u0103t\u0103lin-Gabriel FILI\u021bAN, dean of the Constanta Bar<br>Mihai-Drago\u0219 NICU, dean of the DOLJ Bar<br>Cristian S\u0102RARU, dean of the Galati Bar<br>Adrian STANCU, dean of the Bihor Bar<br>Fabien ARAKELIAN, vice-dean of the Hauts-de-Seine Bar in Paris (West) France<br>Adam KR\u00d3L, Vice Dean of the Warsaw Bar Association in Poland<br>Bogdan-Valentin MIH\u0102LOIU, vice-dean of the DOLJ Bar<br>Gheorghe VULPOIU, vice dean of the Constan\u021ba Bar Association<br>Daniel GHI\u021a\u0102, member of the DOLJ Bar Council<br>Olga GOLOVCHENKO, delegate of the Odesa Bar Association in the Council of the National Union of Bar Associations of Ukraine<br>Iurii GRYGORENKO, representative of relations with the Republic of Moldova from the National Union of Bar Associations of Ukraine<br>Barbara KALYUZHNA, delegate of the Lviv region in the Council of the National Union of Bar Associations of Ukraine<br>Anna LAZARCHUK, delegate of the Rivne region in the Council of the National Union of Bar Associations of Ukraine<br>Vincent MAUREL, ex-dean, advisor of the Hauts-de-Seine Bar in France<br>Lucian-Bernd S\u0102ULEANU, member of the DOLJ Bar Council<br>Vadim SEMENOV, the president of the Lawyers Defense Commission of the Odesa Bar Association<br>Robert RO\u0218U, lawyer at the Bucharest Bar<br>Florentin \u021aUCA, lawyer at the Bucharest Bar<br>Nana BAKAYANOVA, secretary of the Disciplinary Commission of the Odesa Bar Association<br>Veronica MORECU\u021a, head of the International Relations service within the National Union of Bar Associations in Romania<\/p>\n\n\n\n<p>We also sincerely thank the Ministry of Justice of the Republic of Moldova, in the person of the Minister of Justice, Veronica MIHAILOV-MORARU, for the presence, the valuable perspective brought to the Conference and for the efforts made in promoting a constructive dialogue between the Ministry of Justice and the Union of Lawyers of the Republic of Moldova.<\/p>\n\n\n\n<p>We were glad to have with us the leaders of the liberal professions related to justice:<\/p>\n\n\n\n<p>Lilia CHIRTOAC\u0102 president of the Chamber of Notaries from the Republic of Moldova<br>Roman TALMACI, president of the National Union of Court Executors,<br>Lilian DARII, executive director of the National Council of Legal Assistance Guaranteed by the State<br>Sergiu CHIRU\u021aA, coordinator of the Chisinau Territorial Office of the National Council for State-Guaranteed Legal Assistance<\/p>\n\n\n\n<p>We were honored with the presence of representatives of the justice sector from the Republic of Moldova:<\/p>\n\n\n\n<p>Alexandru POSTICA, member of the Superior Council of the Magistracy<br>Sorin POPESCU, president of the Agency for the Administration of Courts<br>Andrei OJOGA, judge<br>Au\u0161ra RAULI\u010cKYT\u0116, leader in the project &#8220;Increasing transparency, accountability and access to the judicial system&#8221; (ETAAJS), partner of the Union of Lawyers of the Republic of Moldova<br>Lucia POPESCU, national expert in the project &#8220;Increasing transparency, accountability and access to the judicial system&#8221; (ETAAJS), partner of the Union of Lawyers from the Republic of Moldova<\/p>\n\n\n\n<p>The Union of Lawyers from the Republic of Moldova was represented by the deans and vice-deans of the bars in the country, Alexandru \u021aURCAN, dean of the Chisinau Bar, Diana SANDULEAC, dean of the Balti Bar, Ruslan AHMEDOV, dean of the Comrat Bar, Victor PANT\u00da\u00ceRU, vice-dean of the Chisinau Bar, Igor CIURU, vice-dean of the Balti Bar and the members of the Bar Union Council, the representatives of the Lawyers Training Center, the members of the Lawyer Licensing Commission, the Ethics and Discipline Commission and the Censors Commission, as well as numerous lawyers and trainee lawyers in the country, interested in the theme of the conference.<\/p>\n","protected":false},"excerpt":{"rendered":"<p>On September 8, 2023, the International Conference of the Union of Advocates of the Republic of Moldova took place with the theme &#8220;The role of the lawyer in modern society&#8221;, [&hellip;]<\/p>\n","protected":false},"author":1,"featured_media":6304,"comment_status":"closed","ping_status":"closed","sticky":false,"template":"","format":"standard","meta":{"inline_featured_image":false,"footnotes":""},"categories":[9],"tags":[],"class_list":["post-6303","post","type-post","status-publish","format-standard","has-post-thumbnail","hentry","category-news"],"acf":[],"aioseo_notices":[],"_links":{"self":[{"href":"https:\/\/uam.md\/en\/wp-json\/wp\/v2\/posts\/6303","targetHints":{"allow":["GET"]}}],"collection":[{"href":"https:\/\/uam.md\/en\/wp-json\/wp\/v2\/posts"}],"about":[{"href":"https:\/\/uam.md\/en\/wp-json\/wp\/v2\/types\/post"}],"author":[{"embeddable":true,"href":"https:\/\/uam.md\/en\/wp-json\/wp\/v2\/users\/1"}],"replies":[{"embeddable":true,"href":"https:\/\/uam.md\/en\/wp-json\/wp\/v2\/comments?post=6303"}],"version-history":[{"count":1,"href":"https:\/\/uam.md\/en\/wp-json\/wp\/v2\/posts\/6303\/revisions"}],"predecessor-version":[{"id":7808,"href":"https:\/\/uam.md\/en\/wp-json\/wp\/v2\/posts\/6303\/revisions\/7808"}],"wp:featuredmedia":[{"embeddable":true,"href":"https:\/\/uam.md\/en\/wp-json\/wp\/v2\/media\/6304"}],"wp:attachment":[{"href":"https:\/\/uam.md\/en\/wp-json\/wp\/v2\/media?parent=6303"}],"wp:term":[{"taxonomy":"category","embeddable":true,"href":"https:\/\/uam.md\/en\/wp-json\/wp\/v2\/categories?post=6303"},{"taxonomy":"post_tag","embeddable":true,"href":"https:\/\/uam.md\/en\/wp-json\/wp\/v2\/tags?post=6303"}],"curies":[{"name":"wp","href":"https:\/\/api.w.org\/{rel}","templated":true}]}}