{"id":7842,"date":"2024-02-22T17:50:51","date_gmt":"2024-02-22T14:50:51","guid":{"rendered":"https:\/\/uam.md\/?p=7842"},"modified":"2024-02-23T10:38:31","modified_gmt":"2024-02-23T07:38:31","slug":"apelul-public-al-societatii-civile-pentru-anularea-taxei-de-stat-prin-care-se-ingradeste-accesul-cetatenilor-si-mediului-de-afaceri-la-justitia-administrativa","status":"publish","type":"post","link":"https:\/\/uam.md\/en\/apelul-public-al-societatii-civile-pentru-anularea-taxei-de-stat-prin-care-se-ingradeste-accesul-cetatenilor-si-mediului-de-afaceri-la-justitia-administrativa\/","title":{"rendered":"Apelul public al societ\u0103\u021bii civile pentru anularea taxei de stat prin care se \u00eengr\u0103de\u0219te accesul cet\u0103\u021benilor \u0219i mediului de afaceri la justi\u021bia administrativ\u0103"},"content":{"rendered":"\n<p>Uniunea Avoca\u021bilor din Republica Moldova s-a al\u0103turat apelului public al societ\u0103\u021bii civile pentru anularea taxei de stat prin care se \u00eengr\u0103de\u0219te accesul cet\u0103\u021benilor \u0219i mediului de afaceri la justi\u021bia administrativ\u0103<\/p>\n\n\n\n<p>Din 24 ianuarie 2024, cet\u0103\u021benii \u0219i mediul de afaceri nedrept\u0103\u021bi\u021bi de stat prin activitate administrativ\u0103 ilegal\u0103 sunt impu\u0219i s\u0103 pl\u0103teasc\u0103 statului taxe pentru a c\u0103uta dreptate \u00een instan\u021bele de judecat\u0103.&nbsp;<\/p>\n\n\n\n<p>De la intrarea \u00een vigoare a Legii taxei de stat nr.213 din 23.07.2023 \u0219i a modific\u0103rilor art.212 alin.(1) lit. e) din Codul administrativ, persoanele care revendica \u00een instan\u021bele judec\u0103tore\u0219ti ap\u0103rarea unui drept v\u0103t\u0103mat prin activitatea administrativ\u0103 ilegal\u0103 a autorit\u0103\u021bilor publice sunt obligate s\u0103 pl\u0103teasc\u0103 taxa de stat \u0219i taxa de timbru. Pentru a contesta \u00een justi\u021bie ac\u021biunile administrative ilegale ale autorit\u0103\u021bilor publice, cet\u0103\u021benii si mediul de afaceri trebuie deja s\u0103 pl\u0103teasc\u0103 statului atunci c\u00e2nd tot statul le \u00eencalc\u0103 drepturile. Altminteri, cererile justi\u021biabililor \u00eempotriva abuzurilor comise de puterea public\u0103 vor r\u0103m\u00e2ne neexaminate.&nbsp;<\/p>\n\n\n\n<p>Pe de alt\u0103 parte, Legea taxei de stat scute\u0219te autorit\u0103\u021bile administra\u021biei publice de taxa de stat \u0219i de taxa de timbru la \u00eenaintarea ac\u021biunilor \u0219i la contestarea hot\u0103r\u00e2rilor instan\u021belor de judecat\u0103, inclusiv \u00een cauzele examinate \u00een procedur\u0103 de contencios administrativ, chiar \u0219i \u00een c\u0103ile de atac, indiferent de calitatea lor procesual\u0103. Chiar dac\u0103 pierd procesul, r\u0103m\u00e2ne neclar dac\u0103 autorit\u0103\u021bile publice vor fi \u021binute s\u0103 compenseze aceste taxe persoanelor care au c\u00e2\u0219tigat procesul sau vor r\u0103m\u00e2ne exonerate \u00een continuare de la plata lor.&nbsp;<\/p>\n\n\n\n<p>Abordarea guvern\u0103rii este \u00eengrijor\u0103toare, c\u0103ci afecteaz\u0103 direct accesul la justi\u021bia administrativ\u0103, care are menirea s\u0103 protejeze drepturile omului \u00eempotriva abuzurilor, arbitrariului \u0219i a ilegalit\u0103\u021bilor comise de c\u0103tre autorit\u0103\u021bile publice. Justi\u021bia administrativ\u0103 previne construc\u021bia statului de tip poli\u021bienesc. Orice om c\u00e2nd se crede nedrept\u0103\u021bit de stat mai are unica speran\u021b\u0103 s\u0103 ob\u021bin\u0103 dreptate anume \u00een justi\u021bia administrativ\u0103, care din acest motiv trebuie s\u0103 fie gratuit\u0103, mai ales \u00een condi\u021biile Republicii Moldova.&nbsp;<\/p>\n\n\n\n<p>Aceste modific\u0103ri legislative sunt contrare capitolului 23 al Acquis-ului Uniunii Europene.&nbsp;<\/p>\n\n\n\n<p>P\u00e2n\u0103 \u00een prezent,&nbsp;nici o guvernare nu a&nbsp;instituit taxe pentru adresare \u00een justi\u021bia administrativ\u0103. Dreptul de acces efectiv la o justi\u021bie administrativ\u0103 este fundamental [art. 53 din Constitu\u021bia Republicii Moldova] \u0219i nu poate fi limitat prin taxe de stat. Pentru contestarea \u00een justi\u021bia administrativ\u0103 a unui act administrativ individual ilegal din domeniul economic, reclamantul va trebui s\u0103 scoat\u0103 din buzunar sute, mii sau chiar milioane de lei pentru taxe, \u00een func\u021bie de natura \u0219i valoarea litigiului. La fel \u0219i concuren\u021bii electorali vor trebui s\u0103 achite taxe la contestarea deciziilor organelor electorale. Cel mai mult \u00eens\u0103 taxele \u00eei vor afecta pe cei vulnerabili.&nbsp;<\/p>\n\n\n\n<p>Ata\u0219at, pute\u021bi g\u0103si&nbsp;<a href=\"https:\/\/uam.md\/wp-content\/uploads\/2024\/02\/Apel-public.-Taxe-de-stat.-JustitI\u00a6ie-AdministrativaI\u008602.2024.pdf\" target=\"_blank\" rel=\"noreferrer noopener\">Apelul public&nbsp;pentru anularea taxei de stat prin care se \u00eengr\u0103de\u0219te accesul cet\u0103\u021benilor \u0219i mediului de afaceri la justi\u021bia administrativ\u0103.&nbsp;<\/a><\/p>\n","protected":false},"excerpt":{"rendered":"<p>Uniunea Avoca\u021bilor din Republica Moldova s-a al\u0103turat apelului public al societ\u0103\u021bii civile pentru anularea taxei de stat prin care se \u00eengr\u0103de\u0219te accesul cet\u0103\u021benilor \u0219i mediului de afaceri la justi\u021bia administrativ\u0103 [&hellip;]<\/p>\n","protected":false},"author":1,"featured_media":7817,"comment_status":"closed","ping_status":"closed","sticky":false,"template":"","format":"standard","meta":{"inline_featured_image":false,"footnotes":""},"categories":[9],"tags":[],"class_list":["post-7842","post","type-post","status-publish","format-standard","has-post-thumbnail","hentry","category-news"],"acf":[],"aioseo_notices":[],"_links":{"self":[{"href":"https:\/\/uam.md\/en\/wp-json\/wp\/v2\/posts\/7842","targetHints":{"allow":["GET"]}}],"collection":[{"href":"https:\/\/uam.md\/en\/wp-json\/wp\/v2\/posts"}],"about":[{"href":"https:\/\/uam.md\/en\/wp-json\/wp\/v2\/types\/post"}],"author":[{"embeddable":true,"href":"https:\/\/uam.md\/en\/wp-json\/wp\/v2\/users\/1"}],"replies":[{"embeddable":true,"href":"https:\/\/uam.md\/en\/wp-json\/wp\/v2\/comments?post=7842"}],"version-history":[{"count":1,"href":"https:\/\/uam.md\/en\/wp-json\/wp\/v2\/posts\/7842\/revisions"}],"predecessor-version":[{"id":7843,"href":"https:\/\/uam.md\/en\/wp-json\/wp\/v2\/posts\/7842\/revisions\/7843"}],"wp:featuredmedia":[{"embeddable":true,"href":"https:\/\/uam.md\/en\/wp-json\/wp\/v2\/media\/7817"}],"wp:attachment":[{"href":"https:\/\/uam.md\/en\/wp-json\/wp\/v2\/media?parent=7842"}],"wp:term":[{"taxonomy":"category","embeddable":true,"href":"https:\/\/uam.md\/en\/wp-json\/wp\/v2\/categories?post=7842"},{"taxonomy":"post_tag","embeddable":true,"href":"https:\/\/uam.md\/en\/wp-json\/wp\/v2\/tags?post=7842"}],"curies":[{"name":"wp","href":"https:\/\/api.w.org\/{rel}","templated":true}]}}