{"id":7844,"date":"2024-02-20T15:10:43","date_gmt":"2024-02-20T12:10:43","guid":{"rendered":"https:\/\/uam.md\/?p=7844"},"modified":"2024-02-23T10:41:40","modified_gmt":"2024-02-23T07:41:40","slug":"mesaj-de-felicitare-cu-prilejul-zilei-nationale-a-mediatorilor","status":"publish","type":"post","link":"https:\/\/uam.md\/en\/mesaj-de-felicitare-cu-prilejul-zilei-nationale-a-mediatorilor\/","title":{"rendered":"Mesaj de felicitare cu prilejul Zilei Na\u021bionale a Mediatorilor"},"content":{"rendered":"\n<p>Cu prilejul Zilei&nbsp;Na\u021bionale&nbsp;a Mediatorilor,&nbsp;s\u0103rb\u0103torit\u0103 la 20 februarie, \u00een numele&nbsp;Uniunii&nbsp;Avoca\u021bilor&nbsp;din Republica Moldova, transmitem&nbsp;sincere felicit\u0103ri tuturor&nbsp;mediatorilor!<\/p>\n\n\n\n<p>De asemenea,&nbsp;felicit\u0103m&nbsp;\u0219i&nbsp;colegii&nbsp;avoca\u021bi&nbsp;care, \u00een paralel cu exercitarea profesiei de avocat,&nbsp;exercit\u0103 \u0219i activitatea de mediator.<\/p>\n\n\n\n<p>V\u0103 dorim&nbsp;mult\u0103&nbsp;s\u0103n\u0103tate,&nbsp;succes,&nbsp;\u00eemplinire, perseveren\u021b\u0103&nbsp;\u0219i eficien\u021b\u0103&nbsp;\u00een activitatea&nbsp;pe care o desf\u0103\u0219ura\u021bi!<\/p>\n\n\n\n<p><strong>Cu respect,<\/strong><\/p>\n\n\n\n<p class=\"has-text-align-right\"><strong>Pre\u0219edintele Uniunii Avoca\u021bilor din Republica Moldova<\/strong><strong><br>avocat, dr. Dorin POPESCU<\/strong><\/p>\n","protected":false},"excerpt":{"rendered":"<p>Cu prilejul Zilei&nbsp;Na\u021bionale&nbsp;a Mediatorilor,&nbsp;s\u0103rb\u0103torit\u0103 la 20 februarie, \u00een numele&nbsp;Uniunii&nbsp;Avoca\u021bilor&nbsp;din Republica Moldova, transmitem&nbsp;sincere felicit\u0103ri tuturor&nbsp;mediatorilor! De asemenea,&nbsp;felicit\u0103m&nbsp;\u0219i&nbsp;colegii&nbsp;avoca\u021bi&nbsp;care, \u00een paralel cu exercitarea profesiei de avocat,&nbsp;exercit\u0103 \u0219i activitatea de mediator. V\u0103 dorim&nbsp;mult\u0103&nbsp;s\u0103n\u0103tate,&nbsp;succes,&nbsp;\u00eemplinire, perseveren\u021b\u0103&nbsp;\u0219i [&hellip;]<\/p>\n","protected":false},"author":1,"featured_media":7644,"comment_status":"closed","ping_status":"closed","sticky":false,"template":"","format":"standard","meta":{"inline_featured_image":false,"footnotes":""},"categories":[9],"tags":[],"class_list":["post-7844","post","type-post","status-publish","format-standard","has-post-thumbnail","hentry","category-news"],"acf":[],"aioseo_notices":[],"_links":{"self":[{"href":"https:\/\/uam.md\/en\/wp-json\/wp\/v2\/posts\/7844","targetHints":{"allow":["GET"]}}],"collection":[{"href":"https:\/\/uam.md\/en\/wp-json\/wp\/v2\/posts"}],"about":[{"href":"https:\/\/uam.md\/en\/wp-json\/wp\/v2\/types\/post"}],"author":[{"embeddable":true,"href":"https:\/\/uam.md\/en\/wp-json\/wp\/v2\/users\/1"}],"replies":[{"embeddable":true,"href":"https:\/\/uam.md\/en\/wp-json\/wp\/v2\/comments?post=7844"}],"version-history":[{"count":1,"href":"https:\/\/uam.md\/en\/wp-json\/wp\/v2\/posts\/7844\/revisions"}],"predecessor-version":[{"id":7845,"href":"https:\/\/uam.md\/en\/wp-json\/wp\/v2\/posts\/7844\/revisions\/7845"}],"wp:featuredmedia":[{"embeddable":true,"href":"https:\/\/uam.md\/en\/wp-json\/wp\/v2\/media\/7644"}],"wp:attachment":[{"href":"https:\/\/uam.md\/en\/wp-json\/wp\/v2\/media?parent=7844"}],"wp:term":[{"taxonomy":"category","embeddable":true,"href":"https:\/\/uam.md\/en\/wp-json\/wp\/v2\/categories?post=7844"},{"taxonomy":"post_tag","embeddable":true,"href":"https:\/\/uam.md\/en\/wp-json\/wp\/v2\/tags?post=7844"}],"curies":[{"name":"wp","href":"https:\/\/api.w.org\/{rel}","templated":true}]}}