{"id":7846,"date":"2024-02-19T10:58:42","date_gmt":"2024-02-19T07:58:42","guid":{"rendered":"https:\/\/uam.md\/?p=7846"},"modified":"2024-02-23T10:43:33","modified_gmt":"2024-02-23T07:43:33","slug":"asociatia-tinerilor-avocati-a-organizat-acceleratorul-pregatirii-de-succes-pentru-admiterea-in-profesia-de-avocat","status":"publish","type":"post","link":"https:\/\/uam.md\/en\/asociatia-tinerilor-avocati-a-organizat-acceleratorul-pregatirii-de-succes-pentru-admiterea-in-profesia-de-avocat\/","title":{"rendered":"Asocia\u021bia Tinerilor Avoca\u021bi a organizat \u201eAcceleratorul preg\u0103tirii de succes pentru admiterea \u00een profesia de avocat\u201d"},"content":{"rendered":"\n<p>La 16 februarie 2024, la sediul Uniunii Avoca\u021bilor, a avut loc evenimentul destinat avoca\u021bilor stagiari cu tema<strong> \u201eAcceleratorul preg\u0103tirii de succes pentru admiterea \u00een profesia de avocat\u201d<\/strong>, organizat de Asocia\u021bia Tinerilor Avoca\u021bi.<\/p>\n\n\n\n<p>\u00cen primul panel al evenimentului, membrii Comisiei de licen\u021biere \u00een profesia de avocat, domnul Adrian T\u0102B\u00ceR\u021a\u0102, domnul Gheorghe VLAS \u0219i domnul Vadim VIERU, au r\u0103spuns la \u00eentreb\u0103rile adresate de avoca\u021bii stagiari \u0219i au venit cu recomand\u0103ri pentru promovarea examenului de admitere \u00een profesia de avocat. Membrii Comisiei de licen\u021biere le-au comunicat avoca\u021bilor stagiari c\u0103 examenul de admitere \u00een profesia de avocat este o etap\u0103 crucial\u0103 \u00een parcursul profesional, iar seriozitatea \u0219i exigen\u021ba acestui examen este determinat\u0103 tocmai de rolul avocatului \u00een societate, de importan\u021ba profesiei de avocat \u0219i responsabilitatea pe care acesta o are fa\u021b\u0103 de clien\u021bi \u0219i fa\u021b\u0103 de societate \u00een general.<\/p>\n\n\n\n<p>\u00cen al doilea panel, avoca\u021bii stagiari au adresat \u00eentreb\u0103ri avoca\u021bilor care au sus\u021binut&nbsp;recent examenul de admitere \u00een profesia de avocat. Ace\u0219tia au povestit despre experien\u021ba sus\u021binerii examenului de admitere \u00een profesia de avocat \u0219i au venit cu sfaturi \u0219i recomand\u0103ri de strategii pentru facilitarea procesului de preg\u0103tire pentru acest examen. <\/p>\n\n\n\n<p>\u00cen \u00eencheierea evenimentului, Pre\u0219edintele Uniunii Avoca\u021bilor, domnul avocat, dr. Dorin POPESCU, le-a urat aspiran\u021bilor la profesia de avocat mult succes, perseveren\u021b\u0103 \u0219i consecven\u021b\u0103 \u00een efectuarea stagiului profesional \u0219i \u00een preg\u0103tirea pentru examenul de calificare.<\/p>\n\n\n<div class=\"wp-block-image\">\n<figure class=\"aligncenter size-large\"><img loading=\"lazy\" decoding=\"async\" width=\"1024\" height=\"640\" src=\"http:\/\/uam.md\/wp-content\/uploads\/2024\/02\/IMG_1635-1024x640.jpg\" alt=\"\" class=\"wp-image-7613\" srcset=\"https:\/\/uam.md\/wp-content\/uploads\/2024\/02\/IMG_1635-1024x640.jpg 1024w, https:\/\/uam.md\/wp-content\/uploads\/2024\/02\/IMG_1635-300x187.jpg 300w, https:\/\/uam.md\/wp-content\/uploads\/2024\/02\/IMG_1635-768x480.jpg 768w, https:\/\/uam.md\/wp-content\/uploads\/2024\/02\/IMG_1635.jpg 1501w\" sizes=\"auto, (max-width: 1024px) 100vw, 1024px\" \/><\/figure>\n<\/div>\n\n<div class=\"wp-block-image\">\n<figure class=\"aligncenter size-large\"><img loading=\"lazy\" decoding=\"async\" width=\"1024\" height=\"668\" src=\"http:\/\/uam.md\/wp-content\/uploads\/2024\/02\/IMG_1634-1024x668.jpg\" alt=\"\" class=\"wp-image-7612\" srcset=\"https:\/\/uam.md\/wp-content\/uploads\/2024\/02\/IMG_1634-1024x668.jpg 1024w, https:\/\/uam.md\/wp-content\/uploads\/2024\/02\/IMG_1634-300x196.jpg 300w, https:\/\/uam.md\/wp-content\/uploads\/2024\/02\/IMG_1634-768x501.jpg 768w, https:\/\/uam.md\/wp-content\/uploads\/2024\/02\/IMG_1634-1536x1002.jpg 1536w, https:\/\/uam.md\/wp-content\/uploads\/2024\/02\/IMG_1634.jpg 1598w\" sizes=\"auto, (max-width: 1024px) 100vw, 1024px\" \/><\/figure>\n<\/div>\n\n<div class=\"wp-block-image\">\n<figure class=\"aligncenter size-large\"><img loading=\"lazy\" decoding=\"async\" width=\"1024\" height=\"749\" src=\"http:\/\/uam.md\/wp-content\/uploads\/2024\/02\/IMG_1632-1024x749.jpg\" alt=\"\" class=\"wp-image-7611\" srcset=\"https:\/\/uam.md\/wp-content\/uploads\/2024\/02\/IMG_1632-1024x749.jpg 1024w, https:\/\/uam.md\/wp-content\/uploads\/2024\/02\/IMG_1632-300x219.jpg 300w, https:\/\/uam.md\/wp-content\/uploads\/2024\/02\/IMG_1632-768x561.jpg 768w, https:\/\/uam.md\/wp-content\/uploads\/2024\/02\/IMG_1632.jpg 1223w\" sizes=\"auto, (max-width: 1024px) 100vw, 1024px\" \/><\/figure>\n<\/div>\n\n<div class=\"wp-block-image\">\n<figure class=\"aligncenter size-large\"><img loading=\"lazy\" decoding=\"async\" width=\"1024\" height=\"768\" src=\"http:\/\/uam.md\/wp-content\/uploads\/2024\/02\/IMG_1631-1024x768.jpg\" alt=\"\" class=\"wp-image-7610\" srcset=\"https:\/\/uam.md\/wp-content\/uploads\/2024\/02\/IMG_1631-1024x768.jpg 1024w, https:\/\/uam.md\/wp-content\/uploads\/2024\/02\/IMG_1631-300x225.jpg 300w, https:\/\/uam.md\/wp-content\/uploads\/2024\/02\/IMG_1631-768x576.jpg 768w, https:\/\/uam.md\/wp-content\/uploads\/2024\/02\/IMG_1631-1536x1152.jpg 1536w, https:\/\/uam.md\/wp-content\/uploads\/2024\/02\/IMG_1631.jpg 1600w\" sizes=\"auto, (max-width: 1024px) 100vw, 1024px\" \/><\/figure>\n<\/div>\n\n<div class=\"wp-block-image\">\n<figure class=\"aligncenter size-large\"><img loading=\"lazy\" decoding=\"async\" width=\"1024\" height=\"768\" src=\"https:\/\/uam.md\/wp-content\/uploads\/2024\/02\/IMG_1630-1024x768.jpg\" alt=\"\" class=\"wp-image-7609\" srcset=\"https:\/\/uam.md\/wp-content\/uploads\/2024\/02\/IMG_1630-1024x768.jpg 1024w, https:\/\/uam.md\/wp-content\/uploads\/2024\/02\/IMG_1630-300x225.jpg 300w, https:\/\/uam.md\/wp-content\/uploads\/2024\/02\/IMG_1630-768x576.jpg 768w, https:\/\/uam.md\/wp-content\/uploads\/2024\/02\/IMG_1630-1536x1152.jpg 1536w, https:\/\/uam.md\/wp-content\/uploads\/2024\/02\/IMG_1630.jpg 1600w\" sizes=\"auto, (max-width: 1024px) 100vw, 1024px\" \/><\/figure>\n<\/div>","protected":false},"excerpt":{"rendered":"<p>La 16 februarie 2024, la sediul Uniunii Avoca\u021bilor, a avut loc evenimentul destinat avoca\u021bilor stagiari cu tema \u201eAcceleratorul preg\u0103tirii de succes pentru admiterea \u00een profesia de avocat\u201d, organizat de Asocia\u021bia [&hellip;]<\/p>\n","protected":false},"author":1,"featured_media":7608,"comment_status":"closed","ping_status":"closed","sticky":false,"template":"","format":"standard","meta":{"inline_featured_image":false,"footnotes":""},"categories":[9],"tags":[],"class_list":["post-7846","post","type-post","status-publish","format-standard","has-post-thumbnail","hentry","category-news"],"acf":[],"aioseo_notices":[],"_links":{"self":[{"href":"https:\/\/uam.md\/en\/wp-json\/wp\/v2\/posts\/7846","targetHints":{"allow":["GET"]}}],"collection":[{"href":"https:\/\/uam.md\/en\/wp-json\/wp\/v2\/posts"}],"about":[{"href":"https:\/\/uam.md\/en\/wp-json\/wp\/v2\/types\/post"}],"author":[{"embeddable":true,"href":"https:\/\/uam.md\/en\/wp-json\/wp\/v2\/users\/1"}],"replies":[{"embeddable":true,"href":"https:\/\/uam.md\/en\/wp-json\/wp\/v2\/comments?post=7846"}],"version-history":[{"count":1,"href":"https:\/\/uam.md\/en\/wp-json\/wp\/v2\/posts\/7846\/revisions"}],"predecessor-version":[{"id":7847,"href":"https:\/\/uam.md\/en\/wp-json\/wp\/v2\/posts\/7846\/revisions\/7847"}],"wp:featuredmedia":[{"embeddable":true,"href":"https:\/\/uam.md\/en\/wp-json\/wp\/v2\/media\/7608"}],"wp:attachment":[{"href":"https:\/\/uam.md\/en\/wp-json\/wp\/v2\/media?parent=7846"}],"wp:term":[{"taxonomy":"category","embeddable":true,"href":"https:\/\/uam.md\/en\/wp-json\/wp\/v2\/categories?post=7846"},{"taxonomy":"post_tag","embeddable":true,"href":"https:\/\/uam.md\/en\/wp-json\/wp\/v2\/tags?post=7846"}],"curies":[{"name":"wp","href":"https:\/\/api.w.org\/{rel}","templated":true}]}}