{"id":7976,"date":"2024-02-26T14:29:31","date_gmt":"2024-02-26T11:29:31","guid":{"rendered":"https:\/\/uam.md\/?p=7976"},"modified":"2024-02-27T12:17:33","modified_gmt":"2024-02-27T09:17:33","slug":"prelungirea-termenului-concursului-pentru-ocuparea-functiei-de-secretar-general-al-uniunii-avocatilor-din-republica-moldova","status":"publish","type":"post","link":"https:\/\/uam.md\/en\/prelungirea-termenului-concursului-pentru-ocuparea-functiei-de-secretar-general-al-uniunii-avocatilor-din-republica-moldova\/","title":{"rendered":"Prelungirea termenului concursului pentru ocuparea func\u021biei de Secretar General al Uniunii Avoca\u021bilor din Republica Moldova"},"content":{"rendered":"\n<p>Uniunea Avoca\u021bilor din Republica Moldova anun\u021b\u0103<strong>&nbsp;prelungirea termenului&nbsp;concursului pentru ocuparea func\u021biei de Secretar General al Uniunii Avoca\u021bilor din Republica Moldova.<\/strong><\/p>\n\n\n\n<p>Secretarul General asigur\u0103 activitatea organizatorico-administrativ\u0103 \u015fi economico-financiar\u0103 a Uniunii Avoca\u021bilor \u0219i are urm\u0103toarele atribu\u021bii:<\/p>\n\n\n\n<p>a) poart\u0103 r\u0103spundere pentru gestiunea economico-financiar\u0103 a Uniunii Avoca\u0163ilor;<br>b) \u00eencheie acorduri \u015fi contracte \u00een numele Uniunii Avoca\u0163ilor;<br>c) ordoneaz\u0103 cheltuielile bugetare ale Uniunii Avoca\u0163ilor;<br>d) organizeaz\u0103 elaborarea, fundamentarea \u015fi prezentarea la Congres a proiectului bugetului anual al Uniunii Avoca\u0163ilor;<br>e)\u202f prezint\u0103 Consiliului Uniunii Avoca\u021bilor raportul privind execu\u0163ia bugetar\u0103 anual\u0103 a Uniunii Avoca\u0163ilor;<br>f) particip\u0103, f\u0103r\u0103 drept de vot, la sesiunile Congresului \u015fi la \u015fedin\u0163ele Consiliului Uniunii Avoca\u0163ilor;<br>g) elaboreaz\u0103 proiectul agendei \u015fi preg\u0103te\u015fte materialele de lucru ale Congresului \u015fi ale Consiliului Uniunii Avoca\u0163ilor, dup\u0103 consultare cu Consiliul;<br>h) angajeaz\u0103 personalul secretariatului \u015fi conduce activitatea acestuia;<br>i) organizeaz\u0103 \u0163inerea eviden\u0163ei tuturor imobilelor din proprietatea sau din administrarea Uniunii Avoca\u0163ilor, precum \u015fi a celorlalte bunuri aflate \u00een patrimoniul acesteia;<br>j) \u00eendepline\u0219te alte atribu\u021bii puse \u00een sarcin\u0103 de c\u0103tre Consiliul Uniunii Avoca\u021bilor.<\/p>\n\n\n\n<p><strong>Cerin\u0163e fa\u0163\u0103 de candida\u0163i:<\/strong><\/p>\n\n\n\n<p>a)&nbsp;studii superioare economice sau juridice;<br>b) vechime \u00een activitate de cel pu\u021bin 5 ani;<br>c) capacit\u0103\u021bi de management \u0219i abilitatea de a lua decizii;<br>d) abilit\u0103\u021bi excep\u021bionale de lucru \u00een echip\u0103;<br>e) folosirea calculatorului \u00een activitatea zilnic\u0103 \u015fi posedarea la nivel avansat a MS Office, Windows \u015fi internet;<br>f) lipsa antecedentelor penale;<br>g) posedarea limbii de rom\u00e2ne. Cunoa\u0219terea altor limbi de circula\u021bie interna\u021bional\u0103 constituie un avantaj;<br>h) experien\u021ba \u00een administrarea proiectelor \u0219i planificare bugetar\u0103 constituie un avantaj;<br>i) cunoa\u0219terea activit\u0103\u021bii Uniunii Avoca\u021bilor \u0219i a sistemului de drept din Republica Moldova constituie un avantaj.<\/p>\n\n\n\n<p><strong>Dosarul candidatului pentru ocuparea func\u021biei de Secretar General trebuie s\u0103 con\u021bin\u0103 urm\u0103toarele acte:&nbsp;<\/strong><\/p>\n\n\n\n<p>a) copia buletinului de identitate;<br>b) copia diplomei de licen\u021biat \u00een drept, economie;<br>c) copia carnetului de munc\u0103, dup\u0103 caz;<br>d) certificat de cazier judiciar, care poate fi substituit prin declara\u021bie sub proprie r\u0103spundere privind lipsa antecedentelor penale. \u00cen cel din urm\u0103 caz, certificat de cazier judiciar va fi prezentat cel t\u00e2rziu la data semn\u0103rii contractului de management;<br>e) cererea de participare la concurs;<br>f) declara\u021bia sub jur\u0103m\u00e2nt, la care se anexeaz\u0103 chestionarul de evaluare a bunei reputa\u021bii (conform anexei);<br>g) CV-ul \u00een limba rom\u00e2n\u0103;<br>h) scrisoarea de motiva\u021bie.<\/p>\n\n\n\n<p>Prin depunerea documentelor, candidatul consimte implicit verificarea de c\u0103tre Uniunea Avoca\u021bilor a datelor prezentate.<\/p>\n\n\n\n<p>Termenul pentru depunerea dosarelor de participarea la concurs este data de&nbsp;<strong>26 martie 2024.<\/strong><\/p>\n\n\n\n<p>Interviul candida\u021bilor a c\u0103ror dosare au fost acceptate va avea loc la data de&nbsp;<strong>29 martie 2024<\/strong>,&nbsp;<strong>ora 10:00<\/strong>,&nbsp;<strong>la sediul Uniunii Avoca\u021bilor din Republica Moldova<\/strong>, \u00een cadrul \u0219edin\u021bei Consiliului Uniunii Avoca\u021bilor.<\/p>\n\n\n\n<p>Pentru mai multe detalii, v\u0103 rug\u0103m s\u0103 ne contacta\u021bi la adresa de e-mail<strong>&nbsp;<a href=\"mailto:uniunea.avocatilor.rm@gmail.com\">uniunea.avocatilor.rm@gmail.com<\/a><\/strong>&nbsp;sau la&nbsp;<strong>nr. de telefon: 022 221910.<\/strong><\/p>\n\n\n\n<p><a href=\"https:\/\/uam.md\/wp-content\/uploads\/2024\/02\/anexa_5819468.pdf\" target=\"_blank\" rel=\"noreferrer noopener\">Anexa<\/a><\/p>\n","protected":false},"excerpt":{"rendered":"<p>Uniunea Avoca\u021bilor din Republica Moldova anun\u021b\u0103&nbsp;prelungirea termenului&nbsp;concursului pentru ocuparea func\u021biei de Secretar General al Uniunii Avoca\u021bilor din Republica Moldova. Secretarul General asigur\u0103 activitatea organizatorico-administrativ\u0103 \u015fi economico-financiar\u0103 a Uniunii Avoca\u021bilor \u0219i [&hellip;]<\/p>\n","protected":false},"author":1,"featured_media":7888,"comment_status":"closed","ping_status":"closed","sticky":false,"template":"","format":"standard","meta":{"inline_featured_image":false,"footnotes":""},"categories":[9,13],"tags":[],"class_list":["post-7976","post","type-post","status-publish","format-standard","has-post-thumbnail","hentry","category-news","category-jobs"],"acf":[],"aioseo_notices":[],"_links":{"self":[{"href":"https:\/\/uam.md\/en\/wp-json\/wp\/v2\/posts\/7976","targetHints":{"allow":["GET"]}}],"collection":[{"href":"https:\/\/uam.md\/en\/wp-json\/wp\/v2\/posts"}],"about":[{"href":"https:\/\/uam.md\/en\/wp-json\/wp\/v2\/types\/post"}],"author":[{"embeddable":true,"href":"https:\/\/uam.md\/en\/wp-json\/wp\/v2\/users\/1"}],"replies":[{"embeddable":true,"href":"https:\/\/uam.md\/en\/wp-json\/wp\/v2\/comments?post=7976"}],"version-history":[{"count":1,"href":"https:\/\/uam.md\/en\/wp-json\/wp\/v2\/posts\/7976\/revisions"}],"predecessor-version":[{"id":7977,"href":"https:\/\/uam.md\/en\/wp-json\/wp\/v2\/posts\/7976\/revisions\/7977"}],"wp:featuredmedia":[{"embeddable":true,"href":"https:\/\/uam.md\/en\/wp-json\/wp\/v2\/media\/7888"}],"wp:attachment":[{"href":"https:\/\/uam.md\/en\/wp-json\/wp\/v2\/media?parent=7976"}],"wp:term":[{"taxonomy":"category","embeddable":true,"href":"https:\/\/uam.md\/en\/wp-json\/wp\/v2\/categories?post=7976"},{"taxonomy":"post_tag","embeddable":true,"href":"https:\/\/uam.md\/en\/wp-json\/wp\/v2\/tags?post=7976"}],"curies":[{"name":"wp","href":"https:\/\/api.w.org\/{rel}","templated":true}]}}