{"id":8040,"date":"2024-03-01T14:22:19","date_gmt":"2024-03-01T11:22:19","guid":{"rendered":"https:\/\/uam.md\/?p=8040"},"modified":"2024-03-01T14:22:20","modified_gmt":"2024-03-01T11:22:20","slug":"mesaj-de-felicitare-cu-ocazia-zilei-martisorului","status":"publish","type":"post","link":"https:\/\/uam.md\/en\/mesaj-de-felicitare-cu-ocazia-zilei-martisorului\/","title":{"rendered":"Mesaj de felicitare cu ocazia Zilei M\u0103r\u021bi\u0219orului"},"content":{"rendered":"\n<p><strong>Dragi colegi,<\/strong><\/p>\n\n\n\n<p>Cu ocazia zilei de 1 Martie,\u00a0\u00een numele\u00a0Uniunii\u00a0Avoca\u021bilor din Republica Moldova, V\u0103 dorim\u00a0un \u00eenceput de prim\u0103var\u0103 plin de\u00a0inspira\u021bie, entuziasm\u00a0\u0219i reu\u0219ite!<\/p>\n\n\n\n<p>M\u0103r\u021bi\u0219orul, simbolul&nbsp;rena\u0219terii \u0219i al speran\u021bei, s\u0103 ne aduc\u0103 \u00een suflete optimism,&nbsp;speran\u021b\u0103,&nbsp;curaj \u0219i \u00eencredere!<\/p>\n\n\n\n<p>V\u0103 dorim o prim\u0103var\u0103 minunat\u0103, cu g\u00e2nduri bune, \u0219i fiecare zi s\u0103 v\u0103 inspire \u0219i s\u0103 v\u0103 aduc\u0103 doar bucurii!<br><\/p>\n\n\n\n<p><strong>Cu cele mai bune ur\u0103ri,\u00a0<\/strong><\/p>\n\n\n\n<p><strong>Pre\u0219edintele Uniunii Avoca\u021bilor din Republica Moldova<\/strong><\/p>\n\n\n\n<p class=\"has-text-align-right\"><strong>avocat, dr. Dorin POPESCU<\/strong><\/p>\n","protected":false},"excerpt":{"rendered":"<p>Dragi colegi, Cu ocazia zilei de 1 Martie,\u00a0\u00een numele\u00a0Uniunii\u00a0Avoca\u021bilor din Republica Moldova, V\u0103 dorim\u00a0un \u00eenceput de prim\u0103var\u0103 plin de\u00a0inspira\u021bie, entuziasm\u00a0\u0219i reu\u0219ite! M\u0103r\u021bi\u0219orul, simbolul&nbsp;rena\u0219terii \u0219i al speran\u021bei, s\u0103 ne aduc\u0103 \u00een [&hellip;]<\/p>\n","protected":false},"author":1,"featured_media":8041,"comment_status":"closed","ping_status":"closed","sticky":false,"template":"","format":"standard","meta":{"inline_featured_image":false,"footnotes":""},"categories":[9],"tags":[],"class_list":["post-8040","post","type-post","status-publish","format-standard","has-post-thumbnail","hentry","category-news"],"acf":[],"aioseo_notices":[],"_links":{"self":[{"href":"https:\/\/uam.md\/en\/wp-json\/wp\/v2\/posts\/8040","targetHints":{"allow":["GET"]}}],"collection":[{"href":"https:\/\/uam.md\/en\/wp-json\/wp\/v2\/posts"}],"about":[{"href":"https:\/\/uam.md\/en\/wp-json\/wp\/v2\/types\/post"}],"author":[{"embeddable":true,"href":"https:\/\/uam.md\/en\/wp-json\/wp\/v2\/users\/1"}],"replies":[{"embeddable":true,"href":"https:\/\/uam.md\/en\/wp-json\/wp\/v2\/comments?post=8040"}],"version-history":[{"count":1,"href":"https:\/\/uam.md\/en\/wp-json\/wp\/v2\/posts\/8040\/revisions"}],"predecessor-version":[{"id":8042,"href":"https:\/\/uam.md\/en\/wp-json\/wp\/v2\/posts\/8040\/revisions\/8042"}],"wp:featuredmedia":[{"embeddable":true,"href":"https:\/\/uam.md\/en\/wp-json\/wp\/v2\/media\/8041"}],"wp:attachment":[{"href":"https:\/\/uam.md\/en\/wp-json\/wp\/v2\/media?parent=8040"}],"wp:term":[{"taxonomy":"category","embeddable":true,"href":"https:\/\/uam.md\/en\/wp-json\/wp\/v2\/categories?post=8040"},{"taxonomy":"post_tag","embeddable":true,"href":"https:\/\/uam.md\/en\/wp-json\/wp\/v2\/tags?post=8040"}],"curies":[{"name":"wp","href":"https:\/\/api.w.org\/{rel}","templated":true}]}}