{"id":8351,"date":"2024-03-05T14:41:32","date_gmt":"2024-03-05T11:41:32","guid":{"rendered":"https:\/\/uam.md\/?p=8351"},"modified":"2024-03-26T12:25:07","modified_gmt":"2024-03-26T09:25:07","slug":"examenul-de-admitere-la-stagiul-profesional-in-avocatura","status":"publish","type":"post","link":"https:\/\/uam.md\/en\/examenul-de-admitere-la-stagiul-profesional-in-avocatura\/","title":{"rendered":"Examenul de admitere la stagiul profesional \u00een avocatur\u0103"},"content":{"rendered":"\n<p>Comisia de licen\u021biere a profesiei de avocat, prin hot\u0103r\u00e2rea nr. 3\/1\/2024 adoptat\u0103 la 16 ianuarie 2024, a stabilit desf\u0103\u0219urarea&nbsp;<strong>examenului de admitere la stagiul profesional \u00een avocatur\u0103 pentru 9 aprilie 2024, cu \u00eencepere de la ora 09.30.<\/strong><\/p>\n\n\n\n<p><strong><mark style=\"background-color:#ffffff\" class=\"has-inline-color\">Testul pentru examenul de admitere la stagiul profesional \u00een avocatur\u0103 poate fi accesat <a href=\"https:\/\/uam.md\/wp-content\/uploads\/2024\/03\/test-integral-pentru-publicare-05.03.2024.pdf\" target=\"_blank\" rel=\"noopener\" title=\"\">AICI<\/a>.<\/mark><\/strong><\/p>\n\n\n\n<p><strong>Not\u0103: <\/strong><em>Solicitan\u021bii pot depune actele pentru \u00eenscrierea la examenul de admitere la stagiul profesional \u00een avocatur\u0103 \u00een perioada<\/em>: <br><br><em><strong>5 \u2013 28 martie 2024, de luni p\u00e2n\u0103 vineri \u00een intervalul orelor 09.00 \u2013 11.00 \u0219i 13.00 \u2013 15.00.<\/strong><\/em><\/p>\n\n\n\n<p><em>Cererea \u0219i actele necesare se depun la sediul Uniunii Avoca\u021bilor din Republica Moldova situat pe str. Bucure\u0219ti, 46, mun. Chi\u0219in\u0103u, secretarului Comisiei de licen\u021biere a profesiei de avocat.<\/em><\/p>\n\n\n\n<p><em>Modelul cererii de \u00eenscriere la examenul de admitere la stagiu profesional cu lista actelor ce urmeaz\u0103 a fi anexate, declara\u021biei pe cuv\u00e2nt propriu \u0219i avizul avocatului care accept\u0103 s\u0103 fie \u00eendrum\u0103tor, pot fi vizualizate&nbsp;<a href=\"https:\/\/uam.md\/wp-content\/uploads\/2023\/11\/1__actele_pentru_examenul_de_admitere_la_stagiu_1_1553501__4__1532215__2__4987289.docx\">AICI<\/a>.<\/em><\/p>\n","protected":false},"excerpt":{"rendered":"<p>Comisia de licen\u021biere a profesiei de avocat, prin hot\u0103r\u00e2rea nr. 3\/1\/2024 adoptat\u0103 la 16 ianuarie 2024, a stabilit desf\u0103\u0219urarea&nbsp;examenului de admitere la stagiul profesional \u00een avocatur\u0103 pentru 9 aprilie 2024, [&hellip;]<\/p>\n","protected":false},"author":1,"featured_media":6991,"comment_status":"closed","ping_status":"closed","sticky":false,"template":"","format":"standard","meta":{"inline_featured_image":false,"footnotes":""},"categories":[9],"tags":[],"class_list":["post-8351","post","type-post","status-publish","format-standard","has-post-thumbnail","hentry","category-news"],"acf":[],"aioseo_notices":[],"_links":{"self":[{"href":"https:\/\/uam.md\/en\/wp-json\/wp\/v2\/posts\/8351","targetHints":{"allow":["GET"]}}],"collection":[{"href":"https:\/\/uam.md\/en\/wp-json\/wp\/v2\/posts"}],"about":[{"href":"https:\/\/uam.md\/en\/wp-json\/wp\/v2\/types\/post"}],"author":[{"embeddable":true,"href":"https:\/\/uam.md\/en\/wp-json\/wp\/v2\/users\/1"}],"replies":[{"embeddable":true,"href":"https:\/\/uam.md\/en\/wp-json\/wp\/v2\/comments?post=8351"}],"version-history":[{"count":1,"href":"https:\/\/uam.md\/en\/wp-json\/wp\/v2\/posts\/8351\/revisions"}],"predecessor-version":[{"id":8352,"href":"https:\/\/uam.md\/en\/wp-json\/wp\/v2\/posts\/8351\/revisions\/8352"}],"wp:featuredmedia":[{"embeddable":true,"href":"https:\/\/uam.md\/en\/wp-json\/wp\/v2\/media\/6991"}],"wp:attachment":[{"href":"https:\/\/uam.md\/en\/wp-json\/wp\/v2\/media?parent=8351"}],"wp:term":[{"taxonomy":"category","embeddable":true,"href":"https:\/\/uam.md\/en\/wp-json\/wp\/v2\/categories?post=8351"},{"taxonomy":"post_tag","embeddable":true,"href":"https:\/\/uam.md\/en\/wp-json\/wp\/v2\/tags?post=8351"}],"curies":[{"name":"wp","href":"https:\/\/api.w.org\/{rel}","templated":true}]}}