{"id":8353,"date":"2024-03-13T20:29:30","date_gmt":"2024-03-13T17:29:30","guid":{"rendered":"https:\/\/uam.md\/?p=8353"},"modified":"2024-03-26T12:26:07","modified_gmt":"2024-03-26T09:26:07","slug":"reprezentantii-uarm-au-avut-o-sedinta-comuna-cu-reprezentantii-aaij-si-ai-proiectului-usaid-instante-judecatoresti-model","status":"publish","type":"post","link":"https:\/\/uam.md\/en\/reprezentantii-uarm-au-avut-o-sedinta-comuna-cu-reprezentantii-aaij-si-ai-proiectului-usaid-instante-judecatoresti-model\/","title":{"rendered":"Reprezentan\u021bii UARM au avut o \u0219edin\u021b\u0103 comun\u0103 cu reprezentan\u021bii AAIJ \u0219i ai proiectului USAID \u201eInstan\u021be Judec\u0103tore\u0219ti Model\u201d"},"content":{"rendered":"\n<p>La data de 13 martie 2024, la sediul Uniunii Avoca\u021bilor din Republica Moldova, a avut loc \u0219edin\u021ba de lucru a reprezentan\u021bilor organelor de conducere ale Uniunii Avoca\u021bilor cu reprezentan\u021bii Agen\u021biei de Administrare a Instan\u021belor Judec\u0103tore\u0219ti, precum \u0219i cu reprezentan\u021bii proiectului USAID \u201eInstan\u021be Judec\u0103tore\u0219ti Model\u201d.<\/p>\n\n\n\n<p>Scopul aceste \u00eentruniri a fost discutarea aspectelor legate de extinderea la nivel na\u021bional a Solu\u021biei Informatice e-Dosar Judiciar, precum \u0219i necesitatea implic\u0103rii avoca\u021bilor \u00een acest proces.<\/p>\n\n\n\n<p>Totodat\u0103, a fost discutat\u0103 necesitatea demar\u0103rii unor instruiri pentru avoca\u021bi cu privire la folosirea Solu\u021biei Informatice e-Dosar Judiciar, precum \u0219i instruirea formatorilor din cadrul Centrului de Instruire al Avoca\u021bilor \u00een acest sens.<\/p>\n\n\n\n<p>Amintim c\u0103 la data de 05 iulie 2022, Uniunea Avoca\u021bilor din Republica Moldova \u0219i Agen\u021bia de Administrare a Instan\u021belor Judec\u0103tore\u0219ti au \u00eencheiat un acord de colaborare cu privire la solu\u021bia informatic\u0103 e-Dosar Judiciar (SIeDJ), care este parte component\u0103 a Sistemului informa\u021bional judiciar (SIJ) \u0219i reprezint\u0103 o aplica\u021bie informatic\u0103 pentru formarea \u0219i administrarea dosarului electronic judiciar cu accesul p\u0103r\u021bilor. Aceasta presupune automatizarea procesului de depunere a cererii de chemare \u00een judecat\u0103 \u00een format electronic \u0219i distribuirea materialelor din dosar \u00een form\u0103 electronic\u0103. Prin acest acord s-a stabilit c\u0103 la procesul de pilotare pot participa to\u021bi avoca\u021bii din \u021bar\u0103 \u00een baza acordurilor de colaborare \u00eencheiate bilateral cu Agen\u021bia de Administrare a Instan\u021belor Judec\u0103tore\u0219ti, iar AAIJ este responsabil\u0103 de instruirea avoca\u021bilor \u00een vederea utiliz\u0103rii Solu\u021biei Informatice e-Dosar Judiciar.&nbsp;<\/p>\n\n\n<div class=\"wp-block-image\">\n<figure class=\"aligncenter size-large\"><img loading=\"lazy\" decoding=\"async\" width=\"1024\" height=\"652\" src=\"http:\/\/uam.md\/wp-content\/uploads\/2024\/03\/IMG_2692-Mare-1024x652.jpeg\" alt=\"\" class=\"wp-image-8210\" srcset=\"https:\/\/uam.md\/wp-content\/uploads\/2024\/03\/IMG_2692-Mare-1024x652.jpeg 1024w, https:\/\/uam.md\/wp-content\/uploads\/2024\/03\/IMG_2692-Mare-300x191.jpeg 300w, https:\/\/uam.md\/wp-content\/uploads\/2024\/03\/IMG_2692-Mare-768x489.jpeg 768w, https:\/\/uam.md\/wp-content\/uploads\/2024\/03\/IMG_2692-Mare.jpeg 1280w\" sizes=\"auto, (max-width: 1024px) 100vw, 1024px\" \/><\/figure>\n<\/div>\n\n<div class=\"wp-block-image\">\n<figure class=\"aligncenter size-large\"><img loading=\"lazy\" decoding=\"async\" width=\"1024\" height=\"713\" src=\"http:\/\/uam.md\/wp-content\/uploads\/2024\/03\/IMG_2695-Mare-1024x713.jpeg\" alt=\"\" class=\"wp-image-8211\" srcset=\"https:\/\/uam.md\/wp-content\/uploads\/2024\/03\/IMG_2695-Mare-1024x713.jpeg 1024w, https:\/\/uam.md\/wp-content\/uploads\/2024\/03\/IMG_2695-Mare-300x209.jpeg 300w, https:\/\/uam.md\/wp-content\/uploads\/2024\/03\/IMG_2695-Mare-768x535.jpeg 768w, https:\/\/uam.md\/wp-content\/uploads\/2024\/03\/IMG_2695-Mare.jpeg 1280w\" sizes=\"auto, (max-width: 1024px) 100vw, 1024px\" \/><\/figure>\n<\/div>\n\n<div class=\"wp-block-image\">\n<figure class=\"aligncenter size-large\"><img loading=\"lazy\" decoding=\"async\" width=\"1024\" height=\"821\" src=\"http:\/\/uam.md\/wp-content\/uploads\/2024\/03\/IMG_2698-Mare-1024x821.jpeg\" alt=\"\" class=\"wp-image-8212\" srcset=\"https:\/\/uam.md\/wp-content\/uploads\/2024\/03\/IMG_2698-Mare-1024x821.jpeg 1024w, https:\/\/uam.md\/wp-content\/uploads\/2024\/03\/IMG_2698-Mare-300x240.jpeg 300w, https:\/\/uam.md\/wp-content\/uploads\/2024\/03\/IMG_2698-Mare-768x616.jpeg 768w, https:\/\/uam.md\/wp-content\/uploads\/2024\/03\/IMG_2698-Mare.jpeg 1280w\" sizes=\"auto, (max-width: 1024px) 100vw, 1024px\" \/><\/figure>\n<\/div>","protected":false},"excerpt":{"rendered":"<p>La data de 13 martie 2024, la sediul Uniunii Avoca\u021bilor din Republica Moldova, a avut loc \u0219edin\u021ba de lucru a reprezentan\u021bilor organelor de conducere ale Uniunii Avoca\u021bilor cu reprezentan\u021bii Agen\u021biei [&hellip;]<\/p>\n","protected":false},"author":1,"featured_media":8190,"comment_status":"closed","ping_status":"closed","sticky":false,"template":"","format":"standard","meta":{"inline_featured_image":false,"footnotes":""},"categories":[9],"tags":[],"class_list":["post-8353","post","type-post","status-publish","format-standard","has-post-thumbnail","hentry","category-news"],"acf":[],"aioseo_notices":[],"_links":{"self":[{"href":"https:\/\/uam.md\/en\/wp-json\/wp\/v2\/posts\/8353","targetHints":{"allow":["GET"]}}],"collection":[{"href":"https:\/\/uam.md\/en\/wp-json\/wp\/v2\/posts"}],"about":[{"href":"https:\/\/uam.md\/en\/wp-json\/wp\/v2\/types\/post"}],"author":[{"embeddable":true,"href":"https:\/\/uam.md\/en\/wp-json\/wp\/v2\/users\/1"}],"replies":[{"embeddable":true,"href":"https:\/\/uam.md\/en\/wp-json\/wp\/v2\/comments?post=8353"}],"version-history":[{"count":1,"href":"https:\/\/uam.md\/en\/wp-json\/wp\/v2\/posts\/8353\/revisions"}],"predecessor-version":[{"id":8354,"href":"https:\/\/uam.md\/en\/wp-json\/wp\/v2\/posts\/8353\/revisions\/8354"}],"wp:featuredmedia":[{"embeddable":true,"href":"https:\/\/uam.md\/en\/wp-json\/wp\/v2\/media\/8190"}],"wp:attachment":[{"href":"https:\/\/uam.md\/en\/wp-json\/wp\/v2\/media?parent=8353"}],"wp:term":[{"taxonomy":"category","embeddable":true,"href":"https:\/\/uam.md\/en\/wp-json\/wp\/v2\/categories?post=8353"},{"taxonomy":"post_tag","embeddable":true,"href":"https:\/\/uam.md\/en\/wp-json\/wp\/v2\/tags?post=8353"}],"curies":[{"name":"wp","href":"https:\/\/api.w.org\/{rel}","templated":true}]}}