{"id":8356,"date":"2024-03-12T12:17:11","date_gmt":"2024-03-12T09:17:11","guid":{"rendered":"https:\/\/uam.md\/?p=8356"},"modified":"2024-03-26T12:31:45","modified_gmt":"2024-03-26T09:31:45","slug":"sedinta-reprezentantilor-uarm-cu-expertii-in-domeniul-comunicarii-si-eticii-judiciare-din-cadrul-sistemului-judecatoresc-al-canadei","status":"publish","type":"post","link":"https:\/\/uam.md\/en\/sedinta-reprezentantilor-uarm-cu-expertii-in-domeniul-comunicarii-si-eticii-judiciare-din-cadrul-sistemului-judecatoresc-al-canadei\/","title":{"rendered":"\u0218edin\u021ba reprezentan\u021bilor UARM cu exper\u021bii \u00een domeniul comunic\u0103rii \u0219i eticii judiciare din cadrul sistemului judec\u0103toresc al Canadei"},"content":{"rendered":"\n<p>La 11 martie 2024, la sediul Uniunii Avoca\u021bilor din Republica Moldova, a avut loc o \u0219edin\u021b\u0103 a reprezentan\u021bilor Uniunii Avoca\u021bilor din Republica Moldova cu exper\u021bii \u00een domeniul comunic\u0103rii \u0219i eticii judiciare din cadrul sistemului judec\u0103toresc al Canadei.<\/p>\n\n\n\n<p>Aceast\u0103 vizit\u0103 a fost organizat\u0103 \u00een cadrul Proiectului de Asisten\u021b\u0103 Tehnic\u0103 (TAP) Moldova &#8211; Canada, condus de Agen\u021bia pentru Rela\u021bii Judiciare (FJA) de pe l\u00e2ng\u0103 departamentul de Justi\u021bie din Canada, care este o ini\u021biativ\u0103 concentrat\u0103 \u00een a oferi sprijin tehnic pe termen scurt guvernelor din \u021b\u0103rile eligibile pentru ajutor la dezvoltare.<\/p>\n\n\n\n<p>\u00cen cadrul \u00eent\u00e2lnirii s-a discutat despre necesitea \u0219i limitele comunic\u0103rii interprofesionale a judec\u0103torilor \u0219i avoca\u021bilor, conduita reprezentan\u021bilor ambelor profesii \u00een cadrul proceselor judiciare \u0219i \u00een-afara proceselor.<\/p>\n\n\n\n<p>Reprezentan\u021bii Uniunii Avoca\u021bilor din Republica Moldova au eviden\u021biat principalele probleme care apar \u00eentre avoca\u021bi, judec\u0103tori \u0219i procurori din perspectiva avoca\u021bilor.<\/p>\n\n\n\n<p>Totodat\u0103, \u00een cadrul discu\u021biei au fost punctate urm\u0103toarele necesit\u0103\u021bi:<\/p>\n\n\n\n<ul class=\"wp-block-list\">\n<li>Ajustarea h\u0103r\u021bii interprofesionale la realit\u0103\u021bile contemporane;<\/li>\n\n\n\n<li>Ajustarea codurilor deontologice ale avoca\u021bilor \u0219i judec\u0103torilor pentru a facilita comunicarea \u0219i colaborarea dintre aceste profesii, av\u00e2ndu-se \u00een vedere interesele justi\u021biabililor;<\/li>\n\n\n\n<li>Posibilitatea cre\u0103rii unui cadru formal care s\u0103 permit\u0103 avoca\u021bilor, judec\u0103torilor \u0219i&nbsp;procurorilor s\u0103 discute probleme comune cu care se confrunt\u0103.<\/li>\n<\/ul>\n\n\n<div class=\"wp-block-image\">\n<figure class=\"aligncenter size-large\"><img loading=\"lazy\" decoding=\"async\" width=\"1024\" height=\"635\" src=\"http:\/\/uam.md\/wp-content\/uploads\/2024\/03\/IMG_2630-2-1024x635.jpg\" alt=\"\" class=\"wp-image-8186\" srcset=\"https:\/\/uam.md\/wp-content\/uploads\/2024\/03\/IMG_2630-2-1024x635.jpg 1024w, https:\/\/uam.md\/wp-content\/uploads\/2024\/03\/IMG_2630-2-300x186.jpg 300w, https:\/\/uam.md\/wp-content\/uploads\/2024\/03\/IMG_2630-2-768x476.jpg 768w, https:\/\/uam.md\/wp-content\/uploads\/2024\/03\/IMG_2630-2-1536x953.jpg 1536w, https:\/\/uam.md\/wp-content\/uploads\/2024\/03\/IMG_2630-2-2048x1270.jpg 2048w\" sizes=\"auto, (max-width: 1024px) 100vw, 1024px\" \/><\/figure>\n<\/div>\n\n<div class=\"wp-block-image\">\n<figure class=\"aligncenter size-large\"><img loading=\"lazy\" decoding=\"async\" width=\"1024\" height=\"585\" src=\"http:\/\/uam.md\/wp-content\/uploads\/2024\/03\/IMG_2618-Mare-1024x585.jpeg\" alt=\"\" class=\"wp-image-8188\" srcset=\"https:\/\/uam.md\/wp-content\/uploads\/2024\/03\/IMG_2618-Mare-1024x585.jpeg 1024w, https:\/\/uam.md\/wp-content\/uploads\/2024\/03\/IMG_2618-Mare-300x171.jpeg 300w, https:\/\/uam.md\/wp-content\/uploads\/2024\/03\/IMG_2618-Mare-768x439.jpeg 768w, https:\/\/uam.md\/wp-content\/uploads\/2024\/03\/IMG_2618-Mare.jpeg 1280w\" sizes=\"auto, (max-width: 1024px) 100vw, 1024px\" \/><\/figure>\n<\/div>\n\n<div class=\"wp-block-image\">\n<figure class=\"aligncenter size-large\"><img loading=\"lazy\" decoding=\"async\" width=\"1024\" height=\"507\" src=\"http:\/\/uam.md\/wp-content\/uploads\/2024\/03\/IMG_2605-1024x507.jpeg\" alt=\"\" class=\"wp-image-8189\" srcset=\"https:\/\/uam.md\/wp-content\/uploads\/2024\/03\/IMG_2605-1024x507.jpeg 1024w, https:\/\/uam.md\/wp-content\/uploads\/2024\/03\/IMG_2605-300x149.jpeg 300w, https:\/\/uam.md\/wp-content\/uploads\/2024\/03\/IMG_2605-768x380.jpeg 768w, https:\/\/uam.md\/wp-content\/uploads\/2024\/03\/IMG_2605.jpeg 1280w\" sizes=\"auto, (max-width: 1024px) 100vw, 1024px\" \/><\/figure>\n<\/div>","protected":false},"excerpt":{"rendered":"<p>La 11 martie 2024, la sediul Uniunii Avoca\u021bilor din Republica Moldova, a avut loc o \u0219edin\u021b\u0103 a reprezentan\u021bilor Uniunii Avoca\u021bilor din Republica Moldova cu exper\u021bii \u00een domeniul comunic\u0103rii \u0219i eticii [&hellip;]<\/p>\n","protected":false},"author":1,"featured_media":8190,"comment_status":"closed","ping_status":"closed","sticky":false,"template":"","format":"standard","meta":{"inline_featured_image":false,"footnotes":""},"categories":[9],"tags":[],"class_list":["post-8356","post","type-post","status-publish","format-standard","has-post-thumbnail","hentry","category-news"],"acf":[],"aioseo_notices":[],"_links":{"self":[{"href":"https:\/\/uam.md\/en\/wp-json\/wp\/v2\/posts\/8356","targetHints":{"allow":["GET"]}}],"collection":[{"href":"https:\/\/uam.md\/en\/wp-json\/wp\/v2\/posts"}],"about":[{"href":"https:\/\/uam.md\/en\/wp-json\/wp\/v2\/types\/post"}],"author":[{"embeddable":true,"href":"https:\/\/uam.md\/en\/wp-json\/wp\/v2\/users\/1"}],"replies":[{"embeddable":true,"href":"https:\/\/uam.md\/en\/wp-json\/wp\/v2\/comments?post=8356"}],"version-history":[{"count":1,"href":"https:\/\/uam.md\/en\/wp-json\/wp\/v2\/posts\/8356\/revisions"}],"predecessor-version":[{"id":8359,"href":"https:\/\/uam.md\/en\/wp-json\/wp\/v2\/posts\/8356\/revisions\/8359"}],"wp:featuredmedia":[{"embeddable":true,"href":"https:\/\/uam.md\/en\/wp-json\/wp\/v2\/media\/8190"}],"wp:attachment":[{"href":"https:\/\/uam.md\/en\/wp-json\/wp\/v2\/media?parent=8356"}],"wp:term":[{"taxonomy":"category","embeddable":true,"href":"https:\/\/uam.md\/en\/wp-json\/wp\/v2\/categories?post=8356"},{"taxonomy":"post_tag","embeddable":true,"href":"https:\/\/uam.md\/en\/wp-json\/wp\/v2\/tags?post=8356"}],"curies":[{"name":"wp","href":"https:\/\/api.w.org\/{rel}","templated":true}]}}