{"id":8376,"date":"2024-03-28T09:00:00","date_gmt":"2024-03-28T06:00:00","guid":{"rendered":"https:\/\/uam.md\/?p=8376"},"modified":"2024-03-27T14:25:35","modified_gmt":"2024-03-27T11:25:35","slug":"examenul-de-calificare-in-profesia-de-avocat","status":"publish","type":"post","link":"https:\/\/uam.md\/en\/examenul-de-calificare-in-profesia-de-avocat\/","title":{"rendered":"Examenul de calificare \u00een profesia de avocat"},"content":{"rendered":"\n<p>Comisia de licen\u021biere a profesiei de avocat prin hot\u0103r\u00e2rea nr. 3\/1\/2024 adoptat\u0103 la 16 ianuarie 2024 a stabilit&nbsp;<strong>desf\u0103\u0219urarea examenului de calificare \u00een profesia de avocat:<\/strong><\/p>\n\n\n\n<p><strong>Proba scris\u0103 \u2013\u00a0<\/strong><em><strong><u>21 mai 2024<\/u><\/strong><\/em> <em><strong>cu \u00eencepere de la ora 09.30;<\/strong><\/em><\/p>\n\n\n\n<p><strong>Proba verbal\u0103<em>\u00a0\u2013\u00a0<\/em><\/strong><em><strong><u>10 \u2013 13 iunie 2024,<\/u><\/strong><\/em> <strong><em>cu \u00eencepere de la ora 09.30.<\/em><\/strong><\/p>\n\n\n\n<p>Cererea \u0219i actele necesare pentru participare la examenul de calificare \u00een profesia de avocat urmeaz\u0103 a fi depuse la Uniunea Avoca\u021bilor din Republica Moldova, mun. Chi\u0219in\u0103u, str. Bucure\u0219ti, 46, \u00een perioada:<\/p>\n\n\n\n<p><strong><u>15 \u2013 30 aprilie 2024<\/u><\/strong>,&nbsp;<strong>(\u00eentre orele 09:00 \u2013 11:00, 13:00 \u2013 15:00)<\/strong>.<\/p>\n\n\n\n<p>Modelul cererii de \u00eenscriere la examenul de calificare \u00een profesia de avocat&nbsp;<em><strong>\u00een urma efectu\u0103rii stagiului profesional \u00een avocatur\u0103<\/strong><\/em>&nbsp;\u0219i a declara\u021biilor respective pot fi vizualizate&nbsp;<a href=\"http:\/\/old.uam.md\/index.php?pag=news&amp;id=916&amp;rid=1800&amp;l=ro\" target=\"_blank\" rel=\"noreferrer noopener\"><strong>AICI<\/strong><\/a>.<\/p>\n\n\n\n<p>Modelul cererii de \u00eenscriere la examenul de calificare \u00een profesia de avocat&nbsp;<em><strong>\u00een temeiul art. 10 alin. (2) al Legii nr. 1260\/2002 cu privire la avocatur\u0103&nbsp;<\/strong><\/em>\u0219i a declara\u021biilor respective pot fi vizualizate&nbsp;<a href=\"http:\/\/old.uam.md\/index.php?pag=news&amp;id=916&amp;rid=2633&amp;l=ro\" target=\"_blank\" rel=\"noreferrer noopener\"><strong>AICI<\/strong><\/a><strong><\/strong><\/p>\n\n\n\n<p><strong>NOT\u0102:<\/strong>&nbsp;\u00cen conformitate cu art. 27 alin. (11) din Statutul profesiei de avocat, tematica pentru proba scris\u0103, c\u00e2t \u015fi proba oral\u0103 va fi plasat\u0103 pe pagina-web oficial\u0103 a Uniunii Avoca\u0163ilor cu cel pu\u0163in 30 de zile \u00eenainte de \u00eenceperea examenului de calificare.<\/p>\n","protected":false},"excerpt":{"rendered":"<p>Comisia de licen\u021biere a profesiei de avocat prin hot\u0103r\u00e2rea nr. 3\/1\/2024 adoptat\u0103 la 16 ianuarie 2024 a stabilit&nbsp;desf\u0103\u0219urarea examenului de calificare \u00een profesia de avocat: Proba scris\u0103 \u2013\u00a021 mai 2024 [&hellip;]<\/p>\n","protected":false},"author":1,"featured_media":6994,"comment_status":"closed","ping_status":"closed","sticky":false,"template":"","format":"standard","meta":{"inline_featured_image":false,"footnotes":""},"categories":[9],"tags":[],"class_list":["post-8376","post","type-post","status-publish","format-standard","has-post-thumbnail","hentry","category-news"],"acf":[],"aioseo_notices":[],"_links":{"self":[{"href":"https:\/\/uam.md\/en\/wp-json\/wp\/v2\/posts\/8376","targetHints":{"allow":["GET"]}}],"collection":[{"href":"https:\/\/uam.md\/en\/wp-json\/wp\/v2\/posts"}],"about":[{"href":"https:\/\/uam.md\/en\/wp-json\/wp\/v2\/types\/post"}],"author":[{"embeddable":true,"href":"https:\/\/uam.md\/en\/wp-json\/wp\/v2\/users\/1"}],"replies":[{"embeddable":true,"href":"https:\/\/uam.md\/en\/wp-json\/wp\/v2\/comments?post=8376"}],"version-history":[{"count":1,"href":"https:\/\/uam.md\/en\/wp-json\/wp\/v2\/posts\/8376\/revisions"}],"predecessor-version":[{"id":8377,"href":"https:\/\/uam.md\/en\/wp-json\/wp\/v2\/posts\/8376\/revisions\/8377"}],"wp:featuredmedia":[{"embeddable":true,"href":"https:\/\/uam.md\/en\/wp-json\/wp\/v2\/media\/6994"}],"wp:attachment":[{"href":"https:\/\/uam.md\/en\/wp-json\/wp\/v2\/media?parent=8376"}],"wp:term":[{"taxonomy":"category","embeddable":true,"href":"https:\/\/uam.md\/en\/wp-json\/wp\/v2\/categories?post=8376"},{"taxonomy":"post_tag","embeddable":true,"href":"https:\/\/uam.md\/en\/wp-json\/wp\/v2\/tags?post=8376"}],"curies":[{"name":"wp","href":"https:\/\/api.w.org\/{rel}","templated":true}]}}