{"id":8428,"date":"2024-03-29T12:30:20","date_gmt":"2024-03-29T09:30:20","guid":{"rendered":"https:\/\/uam.md\/?p=8428"},"modified":"2024-03-29T12:42:43","modified_gmt":"2024-03-29T09:42:43","slug":"marcarea-a-5-ani-de-la-semnarea-protocolului-de-infratire-intre-uarm-si-barourile-din-maramures-satu-mare-si-salaj","status":"publish","type":"post","link":"https:\/\/uam.md\/en\/marcarea-a-5-ani-de-la-semnarea-protocolului-de-infratire-intre-uarm-si-barourile-din-maramures-satu-mare-si-salaj\/","title":{"rendered":"Marcarea a 5 ani de la semnarea protocolului de \u00eenfr\u0103\u021bire \u00eentre UARM \u0219i Barourile din Maramure\u0219, Satu Mare \u0219i S\u0103laj"},"content":{"rendered":"\n<p>Ast\u0103zi, 29 martie 2024, la sediul Uniunii Avoca\u021bilor din Republica Moldova, a avut loc evenimentul de marcare a 5 ani de la semnarea protocolului de \u00eenfr\u0103\u021bire \u00eentre Uniunea Avoca\u021bilor din Republica Moldova \u0219i Barourile din Maramure\u0219, Satu Mare \u0219i S\u0103laj, un moment de importan\u021b\u0103 deosebit\u0103 \u00een rela\u021biile inter-institu\u021bionale \u0219i o ocazie de reafirmare a angajamentului pentru colaborarea \u0219i consolidarea comunit\u0103\u021bii avoca\u021bilor din ambele \u021b\u0103ri.<\/p>\n\n\n\n<p>\u00cen cadrul evenimentului, invita\u021bii au subliniat c\u0103 prin aceast\u0103 colaborare au fost create premisele pentru dezvoltarea profesiei de avocat pentru avoca\u021bii de pe ambele maluri ale Prutului. Totodat\u0103, a fost reafirmat\u0103 importan\u021ba consolid\u0103rii leg\u0103turilor profesionale, de prietenie \u0219i de colaborare \u00een contextul dezvolt\u0103rii competen\u021belor profesionale, a schimbului de experien\u021b\u0103, precum \u0219i pentru facilitarea unui schimb continuu de cuno\u0219tin\u021be \u0219i bune practici \u00een domeniul juridic \u00eentre avoca\u021bii din Republica Moldova \u0219i cei din Rom\u00e2nia.<\/p>\n\n\n\n<p>Participan\u021bii au discutat \u0219i despre necesitatea adapt\u0103rii legisla\u021biei cu privire la avocatur\u0103 la standardele \u0219i normele europene \u00een contextul ader\u0103rii Republicii Moldova la Uniunea European\u0103.<\/p>\n\n\n\n<p>\u00cen \u00eencheierea evenimentului a fost reiterat\u0103 necesitatea sus\u021binerii \u0219i promov\u0103rii drepturilor \u0219i intereselor avoca\u021bilor \u00een exercitarea profesiei, precum \u0219i necesitatea asigur\u0103rii unui mediu propice pentru dezvoltarea continu\u0103 a acestora.<\/p>\n\n\n\n<p>Ne-au onorat cu prezen\u021ba la acest eveniment domnul Cristian-Leon \u021aURCANU, Ambasadorul Rom\u00e2niei \u00een Republica Moldova, domnul Claudiu-Ion CHELCEA, Secretar I \u00een cadrul Ambasadei Rom\u00e2niei \u00een Republica Moldova \u0219i domnul Florin ANDREICU\u021a, Decanul Baroului Maramure\u0219.<\/p>\n\n\n\n<p>La eveniment au participat:<\/p>\n\n\n\n<ul class=\"wp-block-list\">\n<li>domnul Dorin POPESCU, Pre\u0219edintele Uniunii Avoca\u021bilor din Republica Moldova<\/li>\n\n\n\n<li>domnul Alexandru \u021aURCAN, Decanul Baroului Chi\u0219in\u0103u<\/li>\n\n\n\n<li>doamna Diana SANDULEAC, Decana Baroului B\u0103l\u021bi<\/li>\n\n\n\n<li>domnul Ion STOIAN, Decanul Baroului Cahul<\/li>\n\n\n\n<li>domnul Ruslan AHMEDOV, Decanul Baroului Comrat<\/li>\n\n\n\n<li>domnul Victor PAN\u021a\u00ceRU, Prodecanul Baroului Chi\u0219in\u0103u<\/li>\n\n\n\n<li>doamna Natalia BALABAN, membr\u0103 \u00een Consiliul Uniunii Avoca\u021bilor din Republica Moldova<\/li>\n\n\n\n<li>domnul Alexandru GROSU, membru \u00een Consiliul Uniunii Avoca\u021bilor din Republica Moldova<\/li>\n\n\n\n<li>doamna Iana LICHII, membr\u0103 \u00een Consiliul Uniunii Avoca\u021bilor din Republica Moldova<\/li>\n\n\n\n<li>doamna Angela POPIL, membr\u0103 \u00een Consiliul Uniunii Avoca\u021bilor din Republica Moldova<\/li>\n\n\n\n<li>domnul Adrian T\u0102B\u00ceR\u021a\u0102, Pre\u0219edintele Comisiei de licen\u021biere a profesiei de avocat<\/li>\n\n\n\n<li>domnul Marian BUC\u0102TARU, fost membru \u00een Comisia pentru etic\u0103 \u0219i disciplin\u0103<\/li>\n<\/ul>\n\n\n<div class=\"wp-block-image\">\n<figure class=\"aligncenter size-full is-resized\"><img loading=\"lazy\" decoding=\"async\" width=\"940\" height=\"788\" src=\"http:\/\/uam.md\/wp-content\/uploads\/2024\/03\/Red-Breaking-news-Facebook-Post-3.png\" alt=\"\" class=\"wp-image-8430\" style=\"width:840px;height:auto\" srcset=\"https:\/\/uam.md\/wp-content\/uploads\/2024\/03\/Red-Breaking-news-Facebook-Post-3.png 940w, https:\/\/uam.md\/wp-content\/uploads\/2024\/03\/Red-Breaking-news-Facebook-Post-3-300x251.png 300w, https:\/\/uam.md\/wp-content\/uploads\/2024\/03\/Red-Breaking-news-Facebook-Post-3-768x644.png 768w\" sizes=\"auto, (max-width: 940px) 100vw, 940px\" \/><\/figure>\n<\/div>\n\n<div class=\"wp-block-image\">\n<figure class=\"aligncenter size-full\"><img loading=\"lazy\" decoding=\"async\" width=\"940\" height=\"788\" src=\"http:\/\/uam.md\/wp-content\/uploads\/2024\/03\/Red-Breaking-news-Facebook-Post-4-1.png\" alt=\"\" class=\"wp-image-8432\" srcset=\"https:\/\/uam.md\/wp-content\/uploads\/2024\/03\/Red-Breaking-news-Facebook-Post-4-1.png 940w, https:\/\/uam.md\/wp-content\/uploads\/2024\/03\/Red-Breaking-news-Facebook-Post-4-1-300x251.png 300w, https:\/\/uam.md\/wp-content\/uploads\/2024\/03\/Red-Breaking-news-Facebook-Post-4-1-768x644.png 768w\" sizes=\"auto, (max-width: 940px) 100vw, 940px\" \/><\/figure>\n<\/div>\n\n<div class=\"wp-block-image\">\n<figure class=\"aligncenter size-large\"><img loading=\"lazy\" decoding=\"async\" width=\"1024\" height=\"427\" src=\"http:\/\/uam.md\/wp-content\/uploads\/2024\/03\/IMG_3312-2-1024x427.jpg\" alt=\"\" class=\"wp-image-8434\" srcset=\"https:\/\/uam.md\/wp-content\/uploads\/2024\/03\/IMG_3312-2-1024x427.jpg 1024w, https:\/\/uam.md\/wp-content\/uploads\/2024\/03\/IMG_3312-2-300x125.jpg 300w, https:\/\/uam.md\/wp-content\/uploads\/2024\/03\/IMG_3312-2-768x320.jpg 768w, https:\/\/uam.md\/wp-content\/uploads\/2024\/03\/IMG_3312-2-1536x641.jpg 1536w, https:\/\/uam.md\/wp-content\/uploads\/2024\/03\/IMG_3312-2-2048x854.jpg 2048w\" sizes=\"auto, (max-width: 1024px) 100vw, 1024px\" \/><\/figure>\n<\/div>\n\n<div class=\"wp-block-image\">\n<figure class=\"aligncenter size-large\"><img loading=\"lazy\" decoding=\"async\" width=\"1024\" height=\"582\" src=\"https:\/\/uam.md\/wp-content\/uploads\/2024\/03\/IMG_3368-1024x582.jpg\" alt=\"\" class=\"wp-image-8435\" srcset=\"https:\/\/uam.md\/wp-content\/uploads\/2024\/03\/IMG_3368-1024x582.jpg 1024w, https:\/\/uam.md\/wp-content\/uploads\/2024\/03\/IMG_3368-300x170.jpg 300w, https:\/\/uam.md\/wp-content\/uploads\/2024\/03\/IMG_3368-768x436.jpg 768w, https:\/\/uam.md\/wp-content\/uploads\/2024\/03\/IMG_3368-1536x873.jpg 1536w, https:\/\/uam.md\/wp-content\/uploads\/2024\/03\/IMG_3368-2048x1164.jpg 2048w\" sizes=\"auto, (max-width: 1024px) 100vw, 1024px\" \/><\/figure>\n<\/div>\n\n<div class=\"wp-block-image\">\n<figure class=\"aligncenter size-large\"><img loading=\"lazy\" decoding=\"async\" width=\"1024\" height=\"482\" src=\"http:\/\/uam.md\/wp-content\/uploads\/2024\/03\/IMG_3370-1024x482.jpg\" alt=\"\" class=\"wp-image-8437\" srcset=\"https:\/\/uam.md\/wp-content\/uploads\/2024\/03\/IMG_3370-1024x482.jpg 1024w, https:\/\/uam.md\/wp-content\/uploads\/2024\/03\/IMG_3370-300x141.jpg 300w, https:\/\/uam.md\/wp-content\/uploads\/2024\/03\/IMG_3370-768x362.jpg 768w, https:\/\/uam.md\/wp-content\/uploads\/2024\/03\/IMG_3370-1536x724.jpg 1536w, https:\/\/uam.md\/wp-content\/uploads\/2024\/03\/IMG_3370-2048x965.jpg 2048w\" sizes=\"auto, (max-width: 1024px) 100vw, 1024px\" \/><\/figure>\n<\/div>","protected":false},"excerpt":{"rendered":"<p>Ast\u0103zi, 29 martie 2024, la sediul Uniunii Avoca\u021bilor din Republica Moldova, a avut loc evenimentul de marcare a 5 ani de la semnarea protocolului de \u00eenfr\u0103\u021bire \u00eentre Uniunea Avoca\u021bilor din [&hellip;]<\/p>\n","protected":false},"author":1,"featured_media":8430,"comment_status":"closed","ping_status":"closed","sticky":false,"template":"","format":"standard","meta":{"inline_featured_image":false,"footnotes":""},"categories":[9],"tags":[],"class_list":["post-8428","post","type-post","status-publish","format-standard","has-post-thumbnail","hentry","category-news"],"acf":[],"aioseo_notices":[],"_links":{"self":[{"href":"https:\/\/uam.md\/en\/wp-json\/wp\/v2\/posts\/8428","targetHints":{"allow":["GET"]}}],"collection":[{"href":"https:\/\/uam.md\/en\/wp-json\/wp\/v2\/posts"}],"about":[{"href":"https:\/\/uam.md\/en\/wp-json\/wp\/v2\/types\/post"}],"author":[{"embeddable":true,"href":"https:\/\/uam.md\/en\/wp-json\/wp\/v2\/users\/1"}],"replies":[{"embeddable":true,"href":"https:\/\/uam.md\/en\/wp-json\/wp\/v2\/comments?post=8428"}],"version-history":[{"count":8,"href":"https:\/\/uam.md\/en\/wp-json\/wp\/v2\/posts\/8428\/revisions"}],"predecessor-version":[{"id":8450,"href":"https:\/\/uam.md\/en\/wp-json\/wp\/v2\/posts\/8428\/revisions\/8450"}],"wp:featuredmedia":[{"embeddable":true,"href":"https:\/\/uam.md\/en\/wp-json\/wp\/v2\/media\/8430"}],"wp:attachment":[{"href":"https:\/\/uam.md\/en\/wp-json\/wp\/v2\/media?parent=8428"}],"wp:term":[{"taxonomy":"category","embeddable":true,"href":"https:\/\/uam.md\/en\/wp-json\/wp\/v2\/categories?post=8428"},{"taxonomy":"post_tag","embeddable":true,"href":"https:\/\/uam.md\/en\/wp-json\/wp\/v2\/tags?post=8428"}],"curies":[{"name":"wp","href":"https:\/\/api.w.org\/{rel}","templated":true}]}}