{"id":8462,"date":"2024-04-01T11:51:26","date_gmt":"2024-04-01T08:51:26","guid":{"rendered":"https:\/\/uam.md\/?p=8462"},"modified":"2024-04-01T11:51:56","modified_gmt":"2024-04-01T08:51:56","slug":"prelungirea-concursului-pentru-selectarea-formatorilor-in-cadrul-centrului-de-instruire-a-avocatilor-2","status":"publish","type":"post","link":"https:\/\/uam.md\/en\/prelungirea-concursului-pentru-selectarea-formatorilor-in-cadrul-centrului-de-instruire-a-avocatilor-2\/","title":{"rendered":"Prelungirea concursului pentru selectarea formatorilor \u00een cadrul Centrului de Instruire a Avoca\u021bilor"},"content":{"rendered":"\n<p>Centrul de Instruire a Avoca\u021bilor al Uniunii Avoca\u021bilor din Republica Moldova anun\u021b\u0103 prelungirea concursului privind selectarea formatorilor pentru urm\u0103toarele domenii:<\/p>\n\n\n\n<ul class=\"wp-block-list\">\n<li>Procedur\u0103 Civil\u0103 \u2013&nbsp;<em>\u00een special domeniul mo\u0219tenirii<\/em>;<br><\/li>\n\n\n\n<li>Drept administrativ;<br><br><strong><u>Modulul obligatoriu de instruire pentru avoca\u021bi stagiari:<\/u><\/strong><br><\/li>\n\n\n\n<li>Administrarea profesiei de avocat \u2013 \u00een special:&nbsp;<em><u>Contabilitatea \u0219i fiscalitatea cabinetului de avocat<\/u><\/em>;<br><\/li>\n\n\n\n<li>Scrierea \u0219i argumentarea juridic\u0103;<br><\/li>\n\n\n\n<li>Etica \u0219i deontologia avocatului.<\/li>\n<\/ul>\n\n\n\n<p><strong>Dosarul candidatului trebuie s\u0103 con\u021bin\u0103:<\/strong><strong><\/strong><\/p>\n\n\n\n<ol class=\"wp-block-list\">\n<li>CV-ul candidatului;<\/li>\n\n\n\n<li>Indicarea tematicii pentru care candideaz\u0103 \u0219i<a href=\"https:\/\/uam.md\/wp-content\/uploads\/2024\/01\/Proiect-de-curriculum-CIA.docx\">&nbsp;proiectul de curriculum \u00een conformitate cu formularul standard al Centrului<\/a>;&nbsp;<\/li>\n\n\n\n<li>Alte documente pe care le consider\u0103 relevante pentru concurs (exemple de materiale de instruire, etc.).&nbsp;<\/li>\n<\/ol>\n\n\n\n<p><strong>Not\u0103:<\/strong>&nbsp;Acela\u0219i candidat poate depune dosarul pentru a fi selectat \u00een calitate de formator pentru mai multe tematici. \u00cen acest caz, candidatul men\u021bioneaz\u0103 tematicile pentru care candideaz\u0103 \u0219i proiectele de curriculum pentru fiecare tematic\u0103.<\/p>\n\n\n\n<p>Termenul pentru depunerea dosarelor de participarea la concurs este data de&nbsp;<strong>19 aprilie 2024.<\/strong>&nbsp;Dosarele pot fi depuse la adresa de&nbsp;e-mail:&nbsp;<a href=\"mailto:uniunea.avocatilor.rm@gmail.com\" target=\"_blank\" rel=\"noreferrer noopener\">uniunea.avocatilor.rm@gmail.com<\/a>&nbsp;sau fizic, la sediul Uniunii Avoca\u021bilor din Republica Moldova (str. Bucure\u0219ti 46, mun. Chi\u0219in\u0103u)<\/p>\n\n\n\n<p>Fiecare candidat va fi informat despre rezultatul concursului \u00een cel mult 7 zile de la adoptarea hot\u0103r\u00e2rii Consiliului CIA.<\/p>\n\n\n\n<p>Pentru mai multe detalii, v\u0103 rug\u0103m s\u0103 ne contacta\u021bi la adresa de e-mail<strong>&nbsp;<a href=\"mailto:uniunea.avocatilor.rm@gmail.com\" target=\"_blank\" rel=\"noreferrer noopener\">uniunea.avocatilor.rm@gmail.com<\/a><\/strong>&nbsp;sau la&nbsp;<strong>nr. de telefon: +373 60 510 097.<\/strong><\/p>\n","protected":false},"excerpt":{"rendered":"<p>Centrul de Instruire a Avoca\u021bilor al Uniunii Avoca\u021bilor din Republica Moldova anun\u021b\u0103 prelungirea concursului privind selectarea formatorilor pentru urm\u0103toarele domenii: Dosarul candidatului trebuie s\u0103 con\u021bin\u0103: Not\u0103:&nbsp;Acela\u0219i candidat poate depune dosarul [&hellip;]<\/p>\n","protected":false},"author":1,"featured_media":6969,"comment_status":"closed","ping_status":"closed","sticky":false,"template":"","format":"standard","meta":{"inline_featured_image":false,"footnotes":""},"categories":[9],"tags":[],"class_list":["post-8462","post","type-post","status-publish","format-standard","has-post-thumbnail","hentry","category-news"],"acf":[],"aioseo_notices":[],"_links":{"self":[{"href":"https:\/\/uam.md\/en\/wp-json\/wp\/v2\/posts\/8462","targetHints":{"allow":["GET"]}}],"collection":[{"href":"https:\/\/uam.md\/en\/wp-json\/wp\/v2\/posts"}],"about":[{"href":"https:\/\/uam.md\/en\/wp-json\/wp\/v2\/types\/post"}],"author":[{"embeddable":true,"href":"https:\/\/uam.md\/en\/wp-json\/wp\/v2\/users\/1"}],"replies":[{"embeddable":true,"href":"https:\/\/uam.md\/en\/wp-json\/wp\/v2\/comments?post=8462"}],"version-history":[{"count":1,"href":"https:\/\/uam.md\/en\/wp-json\/wp\/v2\/posts\/8462\/revisions"}],"predecessor-version":[{"id":8463,"href":"https:\/\/uam.md\/en\/wp-json\/wp\/v2\/posts\/8462\/revisions\/8463"}],"wp:featuredmedia":[{"embeddable":true,"href":"https:\/\/uam.md\/en\/wp-json\/wp\/v2\/media\/6969"}],"wp:attachment":[{"href":"https:\/\/uam.md\/en\/wp-json\/wp\/v2\/media?parent=8462"}],"wp:term":[{"taxonomy":"category","embeddable":true,"href":"https:\/\/uam.md\/en\/wp-json\/wp\/v2\/categories?post=8462"},{"taxonomy":"post_tag","embeddable":true,"href":"https:\/\/uam.md\/en\/wp-json\/wp\/v2\/tags?post=8462"}],"curies":[{"name":"wp","href":"https:\/\/api.w.org\/{rel}","templated":true}]}}