{"id":8469,"date":"2024-04-01T11:55:45","date_gmt":"2024-04-01T08:55:45","guid":{"rendered":"https:\/\/uam.md\/?p=8469"},"modified":"2024-04-01T11:56:23","modified_gmt":"2024-04-01T08:56:23","slug":"formarea-unui-grup-de-avocati-pentru-instruirea-in-domeniul-utilizarea-solutiei-informatice-e-dosar-judiciar-2","status":"publish","type":"post","link":"https:\/\/uam.md\/en\/formarea-unui-grup-de-avocati-pentru-instruirea-in-domeniul-utilizarea-solutiei-informatice-e-dosar-judiciar-2\/","title":{"rendered":"Formarea unui grup de avoca\u021bi pentru instruirea \u00een domeniul \u201eUtilizarea Solu\u021biei Informatice e-Dosar Judiciar\u201d"},"content":{"rendered":"\n<p>Stima\u021bi avoca\u021bi,<\/p>\n\n\n\n<p>Uniunea Avoca\u021bilor din Republica Moldova anun\u021b\u0103 formarea unui grup de avoca\u021bi pentru instruirea \u00een domeniul \u201e<strong>Utilizarea Solu\u021biei Informatice e-Dosar Judiciar<\/strong>\u201d \u00een vederea particip\u0103rii ulterioare a acestora la un concurs pentru selectarea formatorilor \u00een cadrul Centrului de Instruire a Avoca\u021bilor.<\/p>\n\n\n\n<p><strong>Dosarul candidatului trebuie s\u0103 con\u021bin\u0103:<\/strong><\/p>\n\n\n\n<ol class=\"wp-block-list\">\n<li>Scrisoare de inten\u021bie;<\/li>\n\n\n\n<li>CV-ul candidatului.<\/li>\n<\/ol>\n\n\n\n<p>Termenul pentru depunerea dosarelor de participarea la concurs este data de&nbsp;<strong>19 aprilie 2024.<\/strong>&nbsp;Dosarele pot fi depuse la adresa de&nbsp;e-mail:&nbsp;<a href=\"mailto:uniunea.avocatilor.rm@gmail.com\" target=\"_blank\" rel=\"noreferrer noopener\">uniunea.avocatilor.rm@gmail.com<\/a>&nbsp;sau fizic, la sediul Uniunii Avoca\u021bilor din Republica Moldova (str. Bucure\u0219ti 46, mun. Chi\u0219in\u0103u)<\/p>\n\n\n\n<p>Pentru mai multe detalii, v\u0103 rug\u0103m s\u0103 ne contacta\u021bi la adresa de e-mail&nbsp;<strong><a href=\"mailto:uniunea.avocatilor.rm@gmail.com\" target=\"_blank\" rel=\"noreferrer noopener\">uniunea.avocatilor.rm@gmail.com<\/a><\/strong>&nbsp;sau la&nbsp;<strong>nr. de telefon: +373 60 510 097.<\/strong><\/p>\n","protected":false},"excerpt":{"rendered":"<p>Stima\u021bi avoca\u021bi, Uniunea Avoca\u021bilor din Republica Moldova anun\u021b\u0103 formarea unui grup de avoca\u021bi pentru instruirea \u00een domeniul \u201eUtilizarea Solu\u021biei Informatice e-Dosar Judiciar\u201d \u00een vederea particip\u0103rii ulterioare a acestora la un [&hellip;]<\/p>\n","protected":false},"author":1,"featured_media":6968,"comment_status":"closed","ping_status":"closed","sticky":false,"template":"","format":"standard","meta":{"inline_featured_image":false,"footnotes":""},"categories":[9],"tags":[],"class_list":["post-8469","post","type-post","status-publish","format-standard","has-post-thumbnail","hentry","category-news"],"acf":[],"aioseo_notices":[],"_links":{"self":[{"href":"https:\/\/uam.md\/en\/wp-json\/wp\/v2\/posts\/8469","targetHints":{"allow":["GET"]}}],"collection":[{"href":"https:\/\/uam.md\/en\/wp-json\/wp\/v2\/posts"}],"about":[{"href":"https:\/\/uam.md\/en\/wp-json\/wp\/v2\/types\/post"}],"author":[{"embeddable":true,"href":"https:\/\/uam.md\/en\/wp-json\/wp\/v2\/users\/1"}],"replies":[{"embeddable":true,"href":"https:\/\/uam.md\/en\/wp-json\/wp\/v2\/comments?post=8469"}],"version-history":[{"count":1,"href":"https:\/\/uam.md\/en\/wp-json\/wp\/v2\/posts\/8469\/revisions"}],"predecessor-version":[{"id":8470,"href":"https:\/\/uam.md\/en\/wp-json\/wp\/v2\/posts\/8469\/revisions\/8470"}],"wp:featuredmedia":[{"embeddable":true,"href":"https:\/\/uam.md\/en\/wp-json\/wp\/v2\/media\/6968"}],"wp:attachment":[{"href":"https:\/\/uam.md\/en\/wp-json\/wp\/v2\/media?parent=8469"}],"wp:term":[{"taxonomy":"category","embeddable":true,"href":"https:\/\/uam.md\/en\/wp-json\/wp\/v2\/categories?post=8469"},{"taxonomy":"post_tag","embeddable":true,"href":"https:\/\/uam.md\/en\/wp-json\/wp\/v2\/tags?post=8469"}],"curies":[{"name":"wp","href":"https:\/\/api.w.org\/{rel}","templated":true}]}}