{"id":8476,"date":"2024-04-02T09:29:14","date_gmt":"2024-04-02T06:29:14","guid":{"rendered":"https:\/\/uam.md\/?p=8476"},"modified":"2024-04-02T09:34:31","modified_gmt":"2024-04-02T06:34:31","slug":"invitatie-de-participare-la-un-program-de-stagiu-multilateral-pentru-avocati","status":"publish","type":"post","link":"https:\/\/uam.md\/en\/invitatie-de-participare-la-un-program-de-stagiu-multilateral-pentru-avocati\/","title":{"rendered":"Invita\u021bie de participare la un program de stagiu multilateral pentru avoca\u021bi"},"content":{"rendered":"\n<p>Stima\u021bi avoca\u021bi,<\/p>\n\n\n\n<p>Funda\u021bia German\u0103 pentru Cooperare Juridic\u0103 Interna\u021bional\u0103 (IRZ), \u00een cooperare cu Baroul Federal German \u0219i Asocia\u021bia Avoca\u021bilor din Germania, organizeaz\u0103&nbsp;<strong>un program de stagiu multilateral pentru avoca\u021bi.<\/strong>&nbsp;<\/p>\n\n\n\n<p>Programul de stagiu se adreseaz\u0103 avoca\u021bilor tineri care \u00ee\u0219i desf\u0103\u0219oar\u0103 activitatea \u00een domeniul dreptului civil \u0219i comercial, precum \u0219i avoca\u021bilor stagiari care sunt \u00een ultimul an de practic\u0103. Candida\u021bii trebuie s\u0103 cunoasc\u0103 foarte bine limba german\u0103 \u0219i s\u0103 prezinte certificate\/diplome de competen\u021b\u0103 lingvistic\u0103 sau s\u0103 fie preg\u0103ti\u021bi s\u0103 sus\u021bin\u0103 un test de competen\u021b\u0103 lingvistic\u0103.&nbsp;<\/p>\n\n\n\n<p>Nu pot participa la acest program de stagiu avoca\u021bii care:<\/p>\n\n\n\n<p>\u00b7&nbsp;lucreaz\u0103 pentru o firm\u0103 de avocatur\u0103 german\u0103, o filial\u0103 a unei firme de avocatur\u0103 germane sau o firm\u0103 de avocatur\u0103 care opereaz\u0103 sub numele unei firme de avocatur\u0103 germane;<\/p>\n\n\n\n<p>\u00b7&nbsp;lucreaz\u0103 pentru o firm\u0103 de avocatur\u0103 care are sediul \u00een Germania;<\/p>\n\n\n\n<p>\u00b7\u00a0lucreaz\u0103 pentru o firm\u0103 de avocatur\u0103 care este partener\u0103 a unei firme de avocatur\u0103 germane.<br>\u00a0<br>Programul de stagiu se va desf\u0103\u0219ura \u00een perioada\u00a0<strong>22 august \u2013 27 septembrie 2024<\/strong>. Termenul limit\u0103 pentru aplicare este<strong>\u00a010 mai 2024<\/strong>, iar documentele vor fi trimise la adresa de e-mail\u00a0<strong>tenhaft@irz.de.<\/strong> Formularul de participare trebuie expediat \u00een format Word.<\/p>\n\n\n\n<p>\u00cendemn\u0103m to\u021bi avoca\u021bii interesa\u021bi s\u0103 aplice la acest program de stagiu multilateral.&nbsp;<\/p>\n\n\n\n<p>Informa\u021biile despre proiect pot fi accesate <strong><a href=\"https:\/\/uam.md\/wp-content\/uploads\/2024\/04\/1-Programmbeschreibung-TN-Bedingung-AH-2024-1.pdf\" target=\"_blank\" rel=\"noopener\" title=\"\">AICI<\/a><\/strong>.<\/p>\n\n\n\n<p>Formularul de participare poate fi accesat <strong><a href=\"https:\/\/uam.md\/wp-content\/uploads\/2024\/04\/2-Bewerbungsbogen-AH-2024-1.docx\" target=\"_blank\" rel=\"noopener\" title=\"\">AICI<\/a>.<\/strong><\/p>\n","protected":false},"excerpt":{"rendered":"<p>Stima\u021bi avoca\u021bi, Funda\u021bia German\u0103 pentru Cooperare Juridic\u0103 Interna\u021bional\u0103 (IRZ), \u00een cooperare cu Baroul Federal German \u0219i Asocia\u021bia Avoca\u021bilor din Germania, organizeaz\u0103&nbsp;un program de stagiu multilateral pentru avoca\u021bi.&nbsp; Programul de stagiu [&hellip;]<\/p>\n","protected":false},"author":1,"featured_media":7603,"comment_status":"closed","ping_status":"closed","sticky":false,"template":"","format":"standard","meta":{"inline_featured_image":false,"footnotes":""},"categories":[9],"tags":[],"class_list":["post-8476","post","type-post","status-publish","format-standard","has-post-thumbnail","hentry","category-news"],"acf":[],"aioseo_notices":[],"_links":{"self":[{"href":"https:\/\/uam.md\/en\/wp-json\/wp\/v2\/posts\/8476","targetHints":{"allow":["GET"]}}],"collection":[{"href":"https:\/\/uam.md\/en\/wp-json\/wp\/v2\/posts"}],"about":[{"href":"https:\/\/uam.md\/en\/wp-json\/wp\/v2\/types\/post"}],"author":[{"embeddable":true,"href":"https:\/\/uam.md\/en\/wp-json\/wp\/v2\/users\/1"}],"replies":[{"embeddable":true,"href":"https:\/\/uam.md\/en\/wp-json\/wp\/v2\/comments?post=8476"}],"version-history":[{"count":3,"href":"https:\/\/uam.md\/en\/wp-json\/wp\/v2\/posts\/8476\/revisions"}],"predecessor-version":[{"id":8481,"href":"https:\/\/uam.md\/en\/wp-json\/wp\/v2\/posts\/8476\/revisions\/8481"}],"wp:featuredmedia":[{"embeddable":true,"href":"https:\/\/uam.md\/en\/wp-json\/wp\/v2\/media\/7603"}],"wp:attachment":[{"href":"https:\/\/uam.md\/en\/wp-json\/wp\/v2\/media?parent=8476"}],"wp:term":[{"taxonomy":"category","embeddable":true,"href":"https:\/\/uam.md\/en\/wp-json\/wp\/v2\/categories?post=8476"},{"taxonomy":"post_tag","embeddable":true,"href":"https:\/\/uam.md\/en\/wp-json\/wp\/v2\/tags?post=8476"}],"curies":[{"name":"wp","href":"https:\/\/api.w.org\/{rel}","templated":true}]}}