{"id":8979,"date":"2024-04-23T17:00:00","date_gmt":"2024-04-23T14:00:00","guid":{"rendered":"https:\/\/uam.md\/?p=8979"},"modified":"2024-04-24T09:45:49","modified_gmt":"2024-04-24T06:45:49","slug":"ghidul-de-accedere-in-profesia-de-avocat","status":"publish","type":"post","link":"https:\/\/uam.md\/en\/ghidul-de-accedere-in-profesia-de-avocat\/","title":{"rendered":"Ghidul de accedere \u00een profesia de avocat"},"content":{"rendered":"\n<p>Ast\u0103zi, 23 aprilie 2024, la sediul Uniunii Avoca\u021bilor din Republica Moldova, \u00een cadrul Centrului de Instruire a Avoca\u021bilor, a avut loc evenimentul cu tema &#8220;Ghidul de accedere \u00een profesia de avocat&#8221;, dedicat avoca\u021bilor stagiari care inten\u021bioneaz\u0103 s\u0103 participe la examenul de calificare \u00een profesia de avocat.<\/p>\n\n\n\n<p>La eveniment au participat domnul Adrian T\u0102B\u00ceR\u021a\u0102, Pre\u0219edintele Comisiei de licen\u021biere, domnul Gheorghe VLAS, membru \u00een Comisia de licen\u021biere \u0219i doamna Ludmila SP\u00ceNU, membr\u0103 \u00een Comisia de licen\u021biere.<\/p>\n\n\n\n<p>\u00cen cadrul evenimentului au fost discutate urm\u0103toarele subiecte:<\/p>\n\n\n\n<ul class=\"wp-block-list\">\n<li>Informa\u021bii privind dob\u00e2ndirea calit\u0103\u021bii de avocat \u0219i preg\u0103tirea profesional\u0103 continu\u0103;<\/li>\n\n\n\n<li>Informa\u021bii privind admiterea la examenul de stagiu profesional \u0219i realizarea stagiului profesional;<\/li>\n\n\n\n<li>Informa\u021bii privind admiterea la stagiul profesional \u0219i efectuarea stagiului profesional;<\/li>\n\n\n\n<li>Informa\u021bii privind examenul de calificare \u00een profesia de avocat.<\/li>\n<\/ul>\n\n\n\n<p>Totodat\u0103, avoca\u021bii stagiari au solu\u021bionat spe\u021be la disciplinele generale \u0219i speciale care fac parte din tematica care va sta la baza subiectelor, \u00eentreb\u0103rilor \u015fi spe\u0163elor pentru examenul de calificare \u00een profesia de avocat.<\/p>\n\n\n\n<p>\u00cen \u00eencheierea evenimentului, membrii Comisiei de licen\u021biere au r\u0103spuns la \u00eentreb\u0103rile adresate de avoca\u021bii stagiari \u0219i au venit cu recomand\u0103ri pentru sus\u021binerea examenului de admitere \u00een profesia de avocat.<\/p>\n\n\n<div class=\"wp-block-image\">\n<figure class=\"aligncenter size-large\"><img loading=\"lazy\" decoding=\"async\" width=\"1024\" height=\"768\" src=\"http:\/\/uam.md\/wp-content\/uploads\/2024\/04\/IMG_5216-1024x768.jpg\" alt=\"\" class=\"wp-image-8970\" srcset=\"https:\/\/uam.md\/wp-content\/uploads\/2024\/04\/IMG_5216-1024x768.jpg 1024w, https:\/\/uam.md\/wp-content\/uploads\/2024\/04\/IMG_5216-300x225.jpg 300w, https:\/\/uam.md\/wp-content\/uploads\/2024\/04\/IMG_5216-768x576.jpg 768w, https:\/\/uam.md\/wp-content\/uploads\/2024\/04\/IMG_5216-1536x1152.jpg 1536w, https:\/\/uam.md\/wp-content\/uploads\/2024\/04\/IMG_5216.jpg 1600w\" sizes=\"auto, (max-width: 1024px) 100vw, 1024px\" \/><\/figure>\n<\/div>\n\n<div class=\"wp-block-image\">\n<figure class=\"aligncenter size-large\"><img loading=\"lazy\" decoding=\"async\" width=\"1024\" height=\"874\" src=\"https:\/\/uam.md\/wp-content\/uploads\/2024\/04\/IMG_5208-1024x874.jpg\" alt=\"\" class=\"wp-image-8969\" srcset=\"https:\/\/uam.md\/wp-content\/uploads\/2024\/04\/IMG_5208-1024x874.jpg 1024w, https:\/\/uam.md\/wp-content\/uploads\/2024\/04\/IMG_5208-300x256.jpg 300w, https:\/\/uam.md\/wp-content\/uploads\/2024\/04\/IMG_5208-768x656.jpg 768w, https:\/\/uam.md\/wp-content\/uploads\/2024\/04\/IMG_5208.jpg 1095w\" sizes=\"auto, (max-width: 1024px) 100vw, 1024px\" \/><\/figure>\n<\/div>\n\n<div class=\"wp-block-image\">\n<figure class=\"aligncenter size-large\"><img loading=\"lazy\" decoding=\"async\" width=\"1024\" height=\"768\" src=\"https:\/\/uam.md\/wp-content\/uploads\/2024\/04\/IMG_5209-1-1024x768.jpg\" alt=\"\" class=\"wp-image-8974\" srcset=\"https:\/\/uam.md\/wp-content\/uploads\/2024\/04\/IMG_5209-1-1024x768.jpg 1024w, https:\/\/uam.md\/wp-content\/uploads\/2024\/04\/IMG_5209-1-300x225.jpg 300w, https:\/\/uam.md\/wp-content\/uploads\/2024\/04\/IMG_5209-1-768x576.jpg 768w, https:\/\/uam.md\/wp-content\/uploads\/2024\/04\/IMG_5209-1-1536x1152.jpg 1536w, https:\/\/uam.md\/wp-content\/uploads\/2024\/04\/IMG_5209-1.jpg 1600w\" sizes=\"auto, (max-width: 1024px) 100vw, 1024px\" \/><\/figure>\n<\/div>","protected":false},"excerpt":{"rendered":"<p>Ast\u0103zi, 23 aprilie 2024, la sediul Uniunii Avoca\u021bilor din Republica Moldova, \u00een cadrul Centrului de Instruire a Avoca\u021bilor, a avut loc evenimentul cu tema &#8220;Ghidul de accedere \u00een profesia de [&hellip;]<\/p>\n","protected":false},"author":1,"featured_media":8977,"comment_status":"closed","ping_status":"closed","sticky":false,"template":"","format":"standard","meta":{"inline_featured_image":false,"footnotes":""},"categories":[9],"tags":[],"class_list":["post-8979","post","type-post","status-publish","format-standard","has-post-thumbnail","hentry","category-news"],"acf":[],"aioseo_notices":[],"_links":{"self":[{"href":"https:\/\/uam.md\/en\/wp-json\/wp\/v2\/posts\/8979","targetHints":{"allow":["GET"]}}],"collection":[{"href":"https:\/\/uam.md\/en\/wp-json\/wp\/v2\/posts"}],"about":[{"href":"https:\/\/uam.md\/en\/wp-json\/wp\/v2\/types\/post"}],"author":[{"embeddable":true,"href":"https:\/\/uam.md\/en\/wp-json\/wp\/v2\/users\/1"}],"replies":[{"embeddable":true,"href":"https:\/\/uam.md\/en\/wp-json\/wp\/v2\/comments?post=8979"}],"version-history":[{"count":1,"href":"https:\/\/uam.md\/en\/wp-json\/wp\/v2\/posts\/8979\/revisions"}],"predecessor-version":[{"id":8980,"href":"https:\/\/uam.md\/en\/wp-json\/wp\/v2\/posts\/8979\/revisions\/8980"}],"wp:featuredmedia":[{"embeddable":true,"href":"https:\/\/uam.md\/en\/wp-json\/wp\/v2\/media\/8977"}],"wp:attachment":[{"href":"https:\/\/uam.md\/en\/wp-json\/wp\/v2\/media?parent=8979"}],"wp:term":[{"taxonomy":"category","embeddable":true,"href":"https:\/\/uam.md\/en\/wp-json\/wp\/v2\/categories?post=8979"},{"taxonomy":"post_tag","embeddable":true,"href":"https:\/\/uam.md\/en\/wp-json\/wp\/v2\/tags?post=8979"}],"curies":[{"name":"wp","href":"https:\/\/api.w.org\/{rel}","templated":true}]}}