{"id":9008,"date":"2024-04-25T12:31:32","date_gmt":"2024-04-25T09:31:32","guid":{"rendered":"https:\/\/uam.md\/?p=9008"},"modified":"2024-04-25T12:39:03","modified_gmt":"2024-04-25T09:39:03","slug":"intrevedere-dintre-reprezentantii-uniunii-avocatilor-si-simona-pavel-magistratul-de-legatura-francez","status":"publish","type":"post","link":"https:\/\/uam.md\/en\/intrevedere-dintre-reprezentantii-uniunii-avocatilor-si-simona-pavel-magistratul-de-legatura-francez\/","title":{"rendered":"\u00centrevedere dintre reprezentan\u021bii Uniunii Avoca\u021bilor \u0219i Simona PAVEL, magistratul de leg\u0103tur\u0103 francez"},"content":{"rendered":"\n<p>Ast\u0103zi, 25 aprilie 2024, reprezentan\u021bii Uniunii Avoca\u021bilor din Republica Moldova au avut o \u00eentrevedere cu doamna Simona PAVEL, magistratul de leg\u0103tur\u0103 francez pentru Rom\u00e2nia, Republica Moldova \u0219i Bulgaria. Discu\u021biile au vizat facilitarea cooper\u0103rii judiciare dintre Republica Moldova \u0219i Fran\u021ba.<\/p>\n\n\n\n<p>\u00cen cadrul \u00eentrevederii, s-a subliniat necesitatea promov\u0103rii unei comunic\u0103ri eficiente dintre avoca\u021bi, procurori \u0219i judec\u0103tori, care este esen\u021bial\u0103 pentru consolidarea sistemul de justi\u021bie, pentru asigurarea aplic\u0103rii uniforme a legii, precum \u0219i pentru consolidarea \u00eencrederii societ\u0103\u021bii \u00een sistemul judiciar.<\/p>\n\n\n\n<p>Totodat\u0103, a fost punctat\u0103 necesitatea dezvolt\u0103rii rela\u021biilor cu actorii justi\u021biei din alte state pentru asigurarea schimbului de bune practici dintre profesioni\u0219tii din domeniul justi\u021biei. \u00cen acest context, a fost discutat\u0103 necesitatea fortific\u0103rii leg\u0103turilor dintre Uniunea Avoca\u021bilor din Republica Moldova \u0219i \u0218coala de Magistratur\u0103 din Republica Francez\u0103.<\/p>\n\n\n\n<p>Pe aceast\u0103 cale, Uniunea Avoca\u021bilor din Republica Moldova \u0219i-a reafirmat angajamentul de a lucra \u00eendeaproape cu partenerii na\u021bionali \u0219i interna\u021bionali pentru a promova Statul de Drept, un sistem de justi\u021bie echitabil \u0219i un dialog constructiv \u00eentre profesioni\u0219tii din domeniul juridic.<\/p>\n\n\n<div class=\"wp-block-image\">\n<figure class=\"aligncenter size-large\"><img loading=\"lazy\" decoding=\"async\" width=\"1024\" height=\"559\" src=\"http:\/\/uam.md\/wp-content\/uploads\/2024\/04\/IMG_5259-1024x559.jpg\" alt=\"\" class=\"wp-image-9003\" srcset=\"https:\/\/uam.md\/wp-content\/uploads\/2024\/04\/IMG_5259-1024x559.jpg 1024w, https:\/\/uam.md\/wp-content\/uploads\/2024\/04\/IMG_5259-300x164.jpg 300w, https:\/\/uam.md\/wp-content\/uploads\/2024\/04\/IMG_5259-768x419.jpg 768w, https:\/\/uam.md\/wp-content\/uploads\/2024\/04\/IMG_5259-1536x838.jpg 1536w, https:\/\/uam.md\/wp-content\/uploads\/2024\/04\/IMG_5259-2048x1118.jpg 2048w\" sizes=\"auto, (max-width: 1024px) 100vw, 1024px\" \/><\/figure>\n<\/div>\n\n<div class=\"wp-block-image\">\n<figure class=\"aligncenter size-large\"><img loading=\"lazy\" decoding=\"async\" width=\"1024\" height=\"583\" src=\"http:\/\/uam.md\/wp-content\/uploads\/2024\/04\/IMG_5279-1024x583.jpg\" alt=\"\" class=\"wp-image-9002\" srcset=\"https:\/\/uam.md\/wp-content\/uploads\/2024\/04\/IMG_5279-1024x583.jpg 1024w, https:\/\/uam.md\/wp-content\/uploads\/2024\/04\/IMG_5279-300x171.jpg 300w, https:\/\/uam.md\/wp-content\/uploads\/2024\/04\/IMG_5279-768x437.jpg 768w, https:\/\/uam.md\/wp-content\/uploads\/2024\/04\/IMG_5279-1536x874.jpg 1536w, https:\/\/uam.md\/wp-content\/uploads\/2024\/04\/IMG_5279-2048x1166.jpg 2048w\" sizes=\"auto, (max-width: 1024px) 100vw, 1024px\" \/><\/figure>\n<\/div>","protected":false},"excerpt":{"rendered":"<p>Ast\u0103zi, 25 aprilie 2024, reprezentan\u021bii Uniunii Avoca\u021bilor din Republica Moldova au avut o \u00eentrevedere cu doamna Simona PAVEL, magistratul de leg\u0103tur\u0103 francez pentru Rom\u00e2nia, Republica Moldova \u0219i Bulgaria. Discu\u021biile au [&hellip;]<\/p>\n","protected":false},"author":1,"featured_media":9006,"comment_status":"closed","ping_status":"closed","sticky":false,"template":"","format":"standard","meta":{"inline_featured_image":false,"footnotes":""},"categories":[9],"tags":[],"class_list":["post-9008","post","type-post","status-publish","format-standard","has-post-thumbnail","hentry","category-news"],"acf":[],"aioseo_notices":[],"_links":{"self":[{"href":"https:\/\/uam.md\/en\/wp-json\/wp\/v2\/posts\/9008","targetHints":{"allow":["GET"]}}],"collection":[{"href":"https:\/\/uam.md\/en\/wp-json\/wp\/v2\/posts"}],"about":[{"href":"https:\/\/uam.md\/en\/wp-json\/wp\/v2\/types\/post"}],"author":[{"embeddable":true,"href":"https:\/\/uam.md\/en\/wp-json\/wp\/v2\/users\/1"}],"replies":[{"embeddable":true,"href":"https:\/\/uam.md\/en\/wp-json\/wp\/v2\/comments?post=9008"}],"version-history":[{"count":1,"href":"https:\/\/uam.md\/en\/wp-json\/wp\/v2\/posts\/9008\/revisions"}],"predecessor-version":[{"id":9011,"href":"https:\/\/uam.md\/en\/wp-json\/wp\/v2\/posts\/9008\/revisions\/9011"}],"wp:featuredmedia":[{"embeddable":true,"href":"https:\/\/uam.md\/en\/wp-json\/wp\/v2\/media\/9006"}],"wp:attachment":[{"href":"https:\/\/uam.md\/en\/wp-json\/wp\/v2\/media?parent=9008"}],"wp:term":[{"taxonomy":"category","embeddable":true,"href":"https:\/\/uam.md\/en\/wp-json\/wp\/v2\/categories?post=9008"},{"taxonomy":"post_tag","embeddable":true,"href":"https:\/\/uam.md\/en\/wp-json\/wp\/v2\/tags?post=9008"}],"curies":[{"name":"wp","href":"https:\/\/api.w.org\/{rel}","templated":true}]}}