{"id":9348,"date":"2024-05-22T10:07:44","date_gmt":"2024-05-22T07:07:44","guid":{"rendered":"https:\/\/uam.md\/?p=9348"},"modified":"2024-05-24T11:19:49","modified_gmt":"2024-05-24T08:19:49","slug":"presedintele-uniunii-avocatilor-a-participat-la-lucrarile-comisiei-permanente-a-unbr-si-la-conferinta-avocatura-profesia-mea","status":"publish","type":"post","link":"https:\/\/uam.md\/en\/presedintele-uniunii-avocatilor-a-participat-la-lucrarile-comisiei-permanente-a-unbr-si-la-conferinta-avocatura-profesia-mea\/","title":{"rendered":"Pre\u0219edintele Uniunii Avoca\u021bilor a participat la lucr\u0103rile Comisiei Permanente a UNBR \u0219i la conferin\u021ba \u201eAvocatura, profesia mea\u201d"},"content":{"rendered":"\n<p>\u00cen perioada 17-18 mai&nbsp;2024,&nbsp;Pre\u0219edintele&nbsp;Uniunii Avoca\u021bilor din Republica Moldova, av. dr. Dorin Popescu a participat la lucr\u0103rile Comisiei Permanente a Uniunii Na\u021bionale a Barourilor din Rom\u00e2nia, convocat\u0103 prin decizia nr. 23-DP-2024 din 07.05.2024 a Pre\u0219edintelui UNBR av. dr. Traian Briciu \u0219i la lucr\u0103rile Conferin\u021bei profesionale \u201eAvocatura, profesia mea\u201d organizat\u0103 de Baroul Suceava, decan Liviu Mihai \u00een parteneriat cu Universitatea \u0218tefan cel Mare, Suceava.<\/p>\n\n\n\n<p>Problemele abordate \u00een cadrul Conferin\u021bei \u201eAvocatura, profesia mea&#8221; care a adunat speciali\u0219ti notorii din domeniul profesiilor juridice dar \u0219i a mediului academic, a reliefat o dat\u0103 \u00een plus necesitatea consolid\u0103rii comunic\u0103rii interprofesionale dintre avoca\u021bi, judec\u0103tori, procurori \u0219i a eviden\u021biat&nbsp;rolul avocatului \u00een sistemul judiciar \u0219i nevoia de cooperare profesional\u0103 \u00eentre avoca\u021bi, judec\u0103tori \u0219i procurori \u00een \u00eenf\u0103ptuirea actului de justi\u021bie.<\/p>\n\n\n\n<p>Ambele forumuri au constituit o platform\u0103 util\u0103 de discu\u021bii ce se \u00eencadreaz\u0103 \u00een rela\u021biile de colaborare str\u00e2ns\u0103 pe care le are Uniunea Avoca\u021bilor din Republica Moldova cu Uniunea Na\u021bional\u0103 a Barourilor din Rom\u00e2nia \u0219i Baroul Suceava \u0219i le mul\u021bumim \u0219i pe aceast\u0103 cale organizatorilor pentru invita\u021bie \u0219i pentru excelenta organizare.<\/p>\n\n\n<div class=\"wp-block-image\">\n<figure class=\"aligncenter size-large\"><img loading=\"lazy\" decoding=\"async\" width=\"1024\" height=\"683\" src=\"https:\/\/uam.md\/wp-content\/uploads\/2024\/05\/9f2fdb34-6ebb-49b9-b733-6b0b36a42ca0-1024x683.jpg\" alt=\"\" class=\"wp-image-9302\" srcset=\"https:\/\/uam.md\/wp-content\/uploads\/2024\/05\/9f2fdb34-6ebb-49b9-b733-6b0b36a42ca0-1024x683.jpg 1024w, https:\/\/uam.md\/wp-content\/uploads\/2024\/05\/9f2fdb34-6ebb-49b9-b733-6b0b36a42ca0-300x200.jpg 300w, https:\/\/uam.md\/wp-content\/uploads\/2024\/05\/9f2fdb34-6ebb-49b9-b733-6b0b36a42ca0-768x512.jpg 768w, https:\/\/uam.md\/wp-content\/uploads\/2024\/05\/9f2fdb34-6ebb-49b9-b733-6b0b36a42ca0-1536x1024.jpg 1536w, https:\/\/uam.md\/wp-content\/uploads\/2024\/05\/9f2fdb34-6ebb-49b9-b733-6b0b36a42ca0.jpg 1600w\" sizes=\"auto, (max-width: 1024px) 100vw, 1024px\" \/><\/figure>\n<\/div>\n\n<div class=\"wp-block-image\">\n<figure class=\"aligncenter size-large\"><img loading=\"lazy\" decoding=\"async\" width=\"1024\" height=\"683\" src=\"https:\/\/uam.md\/wp-content\/uploads\/2024\/05\/PHOTO-2024-05-17-16-32-34-1024x683.jpg\" alt=\"\" class=\"wp-image-9303\" srcset=\"https:\/\/uam.md\/wp-content\/uploads\/2024\/05\/PHOTO-2024-05-17-16-32-34-1024x683.jpg 1024w, https:\/\/uam.md\/wp-content\/uploads\/2024\/05\/PHOTO-2024-05-17-16-32-34-300x200.jpg 300w, https:\/\/uam.md\/wp-content\/uploads\/2024\/05\/PHOTO-2024-05-17-16-32-34-768x512.jpg 768w, https:\/\/uam.md\/wp-content\/uploads\/2024\/05\/PHOTO-2024-05-17-16-32-34-1536x1024.jpg 1536w, https:\/\/uam.md\/wp-content\/uploads\/2024\/05\/PHOTO-2024-05-17-16-32-34.jpg 1600w\" sizes=\"auto, (max-width: 1024px) 100vw, 1024px\" \/><\/figure>\n<\/div>\n\n<div class=\"wp-block-image\">\n<figure class=\"aligncenter size-large\"><img loading=\"lazy\" decoding=\"async\" width=\"1024\" height=\"768\" src=\"https:\/\/uam.md\/wp-content\/uploads\/2024\/05\/IMG_8846-1024x768.jpg\" alt=\"\" class=\"wp-image-9304\" srcset=\"https:\/\/uam.md\/wp-content\/uploads\/2024\/05\/IMG_8846-1024x768.jpg 1024w, https:\/\/uam.md\/wp-content\/uploads\/2024\/05\/IMG_8846-300x225.jpg 300w, https:\/\/uam.md\/wp-content\/uploads\/2024\/05\/IMG_8846-768x576.jpg 768w, https:\/\/uam.md\/wp-content\/uploads\/2024\/05\/IMG_8846-1536x1152.jpg 1536w, https:\/\/uam.md\/wp-content\/uploads\/2024\/05\/IMG_8846-2048x1536.jpg 2048w\" sizes=\"auto, (max-width: 1024px) 100vw, 1024px\" \/><\/figure>\n<\/div>\n\n<div class=\"wp-block-image\">\n<figure class=\"aligncenter size-large\"><img loading=\"lazy\" decoding=\"async\" width=\"1024\" height=\"689\" src=\"https:\/\/uam.md\/wp-content\/uploads\/2024\/05\/IMG_8847-1024x689.jpg\" alt=\"\" class=\"wp-image-9305\" srcset=\"https:\/\/uam.md\/wp-content\/uploads\/2024\/05\/IMG_8847-1024x689.jpg 1024w, https:\/\/uam.md\/wp-content\/uploads\/2024\/05\/IMG_8847-300x202.jpg 300w, https:\/\/uam.md\/wp-content\/uploads\/2024\/05\/IMG_8847-768x517.jpg 768w, https:\/\/uam.md\/wp-content\/uploads\/2024\/05\/IMG_8847-1536x1033.jpg 1536w, https:\/\/uam.md\/wp-content\/uploads\/2024\/05\/IMG_8847-2048x1378.jpg 2048w\" sizes=\"auto, (max-width: 1024px) 100vw, 1024px\" \/><\/figure>\n<\/div>","protected":false},"excerpt":{"rendered":"<p>\u00cen perioada 17-18 mai&nbsp;2024,&nbsp;Pre\u0219edintele&nbsp;Uniunii Avoca\u021bilor din Republica Moldova, av. dr. Dorin Popescu a participat la lucr\u0103rile Comisiei Permanente a Uniunii Na\u021bionale a Barourilor din Rom\u00e2nia, convocat\u0103 prin decizia nr. 23-DP-2024 [&hellip;]<\/p>\n","protected":false},"author":1,"featured_media":9308,"comment_status":"closed","ping_status":"closed","sticky":false,"template":"","format":"standard","meta":{"inline_featured_image":false,"footnotes":""},"categories":[9],"tags":[],"class_list":["post-9348","post","type-post","status-publish","format-standard","has-post-thumbnail","hentry","category-news"],"acf":[],"aioseo_notices":[],"_links":{"self":[{"href":"https:\/\/uam.md\/en\/wp-json\/wp\/v2\/posts\/9348","targetHints":{"allow":["GET"]}}],"collection":[{"href":"https:\/\/uam.md\/en\/wp-json\/wp\/v2\/posts"}],"about":[{"href":"https:\/\/uam.md\/en\/wp-json\/wp\/v2\/types\/post"}],"author":[{"embeddable":true,"href":"https:\/\/uam.md\/en\/wp-json\/wp\/v2\/users\/1"}],"replies":[{"embeddable":true,"href":"https:\/\/uam.md\/en\/wp-json\/wp\/v2\/comments?post=9348"}],"version-history":[{"count":1,"href":"https:\/\/uam.md\/en\/wp-json\/wp\/v2\/posts\/9348\/revisions"}],"predecessor-version":[{"id":9349,"href":"https:\/\/uam.md\/en\/wp-json\/wp\/v2\/posts\/9348\/revisions\/9349"}],"wp:featuredmedia":[{"embeddable":true,"href":"https:\/\/uam.md\/en\/wp-json\/wp\/v2\/media\/9308"}],"wp:attachment":[{"href":"https:\/\/uam.md\/en\/wp-json\/wp\/v2\/media?parent=9348"}],"wp:term":[{"taxonomy":"category","embeddable":true,"href":"https:\/\/uam.md\/en\/wp-json\/wp\/v2\/categories?post=9348"},{"taxonomy":"post_tag","embeddable":true,"href":"https:\/\/uam.md\/en\/wp-json\/wp\/v2\/tags?post=9348"}],"curies":[{"name":"wp","href":"https:\/\/api.w.org\/{rel}","templated":true}]}}