{"id":9593,"date":"2024-06-04T14:42:57","date_gmt":"2024-06-04T11:42:57","guid":{"rendered":"https:\/\/uam.md\/?p=9593"},"modified":"2024-06-13T09:59:08","modified_gmt":"2024-06-13T06:59:08","slug":"conferinta-anuala-a-actorilor-in-domeniul-justitiei-cu-tema-profesiile-juridice-in-transformare-etica-reputatie-si-comunicare-interprofesionala","status":"publish","type":"post","link":"https:\/\/uam.md\/en\/conferinta-anuala-a-actorilor-in-domeniul-justitiei-cu-tema-profesiile-juridice-in-transformare-etica-reputatie-si-comunicare-interprofesionala\/","title":{"rendered":"Conferin\u021ba anual\u0103 a actorilor \u00een domeniul justi\u021biei,\u00a0cu tema\u00a0\u201eProfesiile juridice \u00een transformare: etic\u0103, reputa\u021bie \u0219i comunicare interprofesional\u0103&#8221;"},"content":{"rendered":"\n<p>La data de&nbsp;31 mai 2024,&nbsp;a avut loc&nbsp;cea de-a III-a edi\u021bie a Conferin\u021bei Anuale a Actorilor \u00een Domeniul Justi\u021biei,&nbsp;cu tema&nbsp;\u201eProfesiile juridice \u00een transformare: etic\u0103, reputa\u021bie \u0219i comunicare interprofesional\u0103&#8221;.&nbsp;Conferin\u021ba a fost organizat\u0103&nbsp;\u00een cadrul Programului pentru Sus\u021binerea Reformei Justi\u021biei \u0219i Combaterea Corup\u021biei, implementat de ABA ROLI Moldova cu sus\u021binerea Departamentului de Stat al SUA \u0219i s-a desf\u0103\u0219urat cu sprijinul&nbsp;Consiliului Superior al Magistraturii&nbsp;\u0219i al&nbsp;Consiliului Superior al Procurorilor, \u00een parteneriat cu Uniunea Avoca\u021bilor&nbsp;din Republica Moldova \u0219i&nbsp;Institutul Na\u021bional al Justi\u021biei.<\/p>\n\n\n\n<p>\u00cen cadrul panelurilor de discu\u021bii au fost abordate urm\u0103toarele subiecte:<\/p>\n\n\n\n<ul class=\"wp-block-list\">\n<li>Provoc\u0103rile&nbsp;\u0219i importan\u021ba colabor\u0103rii interprofesionale, fiind aduse \u00een&nbsp;discu\u021bie aspecte cruciale pentru consolidarea sistemului judiciar;<\/li>\n\n\n\n<li>Aspecte&nbsp;esen\u021biale&nbsp;ce \u021bin&nbsp;de etica&nbsp;\u0219i deontologia profesiilor juridice;<\/li>\n\n\n\n<li>Ap\u0103rarea reputa\u021biei profesionale a actorilor din sistemul justi\u021biei&nbsp;\u0219i&nbsp;modalit\u0103\u021bile prin care profesioni\u0219tii din justi\u021bie \u00ee\u0219i pot proteja reputa\u021bia profesional\u0103;<\/li>\n\n\n\n<li>Interac\u021biunea&nbsp;\u0219i colaborarea eficient\u0103&nbsp;dintre profesiile juridice.<\/li>\n<\/ul>\n\n\n\n<p>De asemenea, au fost formulate recomand\u0103rile rezultate \u00een urma celor 12 dialoguri interprofesionale regionale desf\u0103\u0219urate \u00eentre judec\u0103tori, procurori \u0219i avoca\u021bi, \u00een perioada noiembrie 2023 &#8211; martie 2024.<\/p>\n\n\n\n<p>Evenimentul a oferit o platform\u0103 valoroas\u0103 pentru schimbul de idei \u0219i solu\u021bii inovatoare, consolid\u00e2nd rela\u021biile interprofesionale \u0219i promov\u00e2nd integritatea \u0219i profesionalismul \u00een sistemul juridic din Republica Moldova.<\/p>\n\n\n\n<p>Uniunea Avoca\u021bilor din Republica Moldova \u00ee\u0219i reafirm\u0103 angajamentul de a contribui activ la dezvoltarea \u0219i modernizarea justi\u021biei, sus\u021bin\u00e2nd \u00een continuare ini\u021biativele menite s\u0103 \u00eembun\u0103t\u0103\u021beasc\u0103 colaborarea \u0219i comunicarea \u00eentre profesiile juridice.<\/p>\n\n\n<div class=\"wp-block-image\">\n<figure class=\"aligncenter size-large\"><img loading=\"lazy\" decoding=\"async\" width=\"1024\" height=\"683\" src=\"http:\/\/uam.md\/wp-content\/uploads\/2024\/06\/IMG_9233-1024x683.jpg\" alt=\"\" class=\"wp-image-9513\" srcset=\"https:\/\/uam.md\/wp-content\/uploads\/2024\/06\/IMG_9233-1024x683.jpg 1024w, https:\/\/uam.md\/wp-content\/uploads\/2024\/06\/IMG_9233-300x200.jpg 300w, https:\/\/uam.md\/wp-content\/uploads\/2024\/06\/IMG_9233-768x512.jpg 768w, https:\/\/uam.md\/wp-content\/uploads\/2024\/06\/IMG_9233-1536x1024.jpg 1536w, https:\/\/uam.md\/wp-content\/uploads\/2024\/06\/IMG_9233.jpg 2048w\" sizes=\"auto, (max-width: 1024px) 100vw, 1024px\" \/><\/figure>\n<\/div>\n\n<div class=\"wp-block-image\">\n<figure class=\"aligncenter size-large\"><img loading=\"lazy\" decoding=\"async\" width=\"1024\" height=\"683\" src=\"http:\/\/uam.md\/wp-content\/uploads\/2024\/06\/IMG_9230-1024x683.jpg\" alt=\"\" class=\"wp-image-9510\" srcset=\"https:\/\/uam.md\/wp-content\/uploads\/2024\/06\/IMG_9230-1024x683.jpg 1024w, https:\/\/uam.md\/wp-content\/uploads\/2024\/06\/IMG_9230-300x200.jpg 300w, https:\/\/uam.md\/wp-content\/uploads\/2024\/06\/IMG_9230-768x512.jpg 768w, https:\/\/uam.md\/wp-content\/uploads\/2024\/06\/IMG_9230-1536x1024.jpg 1536w, https:\/\/uam.md\/wp-content\/uploads\/2024\/06\/IMG_9230.jpg 2048w\" sizes=\"auto, (max-width: 1024px) 100vw, 1024px\" \/><\/figure>\n<\/div>\n\n<div class=\"wp-block-image\">\n<figure class=\"aligncenter size-full\"><img loading=\"lazy\" decoding=\"async\" width=\"960\" height=\"640\" src=\"http:\/\/uam.md\/wp-content\/uploads\/2024\/06\/IMG_9231.jpg\" alt=\"\" class=\"wp-image-9511\" srcset=\"https:\/\/uam.md\/wp-content\/uploads\/2024\/06\/IMG_9231.jpg 960w, https:\/\/uam.md\/wp-content\/uploads\/2024\/06\/IMG_9231-300x200.jpg 300w, https:\/\/uam.md\/wp-content\/uploads\/2024\/06\/IMG_9231-768x512.jpg 768w\" sizes=\"auto, (max-width: 960px) 100vw, 960px\" \/><\/figure>\n<\/div>\n\n<div class=\"wp-block-image\">\n<figure class=\"aligncenter size-full\"><img loading=\"lazy\" decoding=\"async\" width=\"960\" height=\"640\" src=\"http:\/\/uam.md\/wp-content\/uploads\/2024\/06\/IMG_9232.jpg\" alt=\"\" class=\"wp-image-9512\" srcset=\"https:\/\/uam.md\/wp-content\/uploads\/2024\/06\/IMG_9232.jpg 960w, https:\/\/uam.md\/wp-content\/uploads\/2024\/06\/IMG_9232-300x200.jpg 300w, https:\/\/uam.md\/wp-content\/uploads\/2024\/06\/IMG_9232-768x512.jpg 768w\" sizes=\"auto, (max-width: 960px) 100vw, 960px\" \/><\/figure>\n<\/div>","protected":false},"excerpt":{"rendered":"<p>La data de&nbsp;31 mai 2024,&nbsp;a avut loc&nbsp;cea de-a III-a edi\u021bie a Conferin\u021bei Anuale a Actorilor \u00een Domeniul Justi\u021biei,&nbsp;cu tema&nbsp;\u201eProfesiile juridice \u00een transformare: etic\u0103, reputa\u021bie \u0219i comunicare interprofesional\u0103&#8221;.&nbsp;Conferin\u021ba a fost organizat\u0103&nbsp;\u00een [&hellip;]<\/p>\n","protected":false},"author":1,"featured_media":9514,"comment_status":"closed","ping_status":"closed","sticky":false,"template":"","format":"standard","meta":{"inline_featured_image":false,"footnotes":""},"categories":[9],"tags":[],"class_list":["post-9593","post","type-post","status-publish","format-standard","has-post-thumbnail","hentry","category-news"],"acf":[],"aioseo_notices":[],"_links":{"self":[{"href":"https:\/\/uam.md\/en\/wp-json\/wp\/v2\/posts\/9593","targetHints":{"allow":["GET"]}}],"collection":[{"href":"https:\/\/uam.md\/en\/wp-json\/wp\/v2\/posts"}],"about":[{"href":"https:\/\/uam.md\/en\/wp-json\/wp\/v2\/types\/post"}],"author":[{"embeddable":true,"href":"https:\/\/uam.md\/en\/wp-json\/wp\/v2\/users\/1"}],"replies":[{"embeddable":true,"href":"https:\/\/uam.md\/en\/wp-json\/wp\/v2\/comments?post=9593"}],"version-history":[{"count":1,"href":"https:\/\/uam.md\/en\/wp-json\/wp\/v2\/posts\/9593\/revisions"}],"predecessor-version":[{"id":9594,"href":"https:\/\/uam.md\/en\/wp-json\/wp\/v2\/posts\/9593\/revisions\/9594"}],"wp:featuredmedia":[{"embeddable":true,"href":"https:\/\/uam.md\/en\/wp-json\/wp\/v2\/media\/9514"}],"wp:attachment":[{"href":"https:\/\/uam.md\/en\/wp-json\/wp\/v2\/media?parent=9593"}],"wp:term":[{"taxonomy":"category","embeddable":true,"href":"https:\/\/uam.md\/en\/wp-json\/wp\/v2\/categories?post=9593"},{"taxonomy":"post_tag","embeddable":true,"href":"https:\/\/uam.md\/en\/wp-json\/wp\/v2\/tags?post=9593"}],"curies":[{"name":"wp","href":"https:\/\/api.w.org\/{rel}","templated":true}]}}