{"id":9746,"date":"2024-06-25T10:01:06","date_gmt":"2024-06-25T07:01:06","guid":{"rendered":"https:\/\/uam.md\/?p=9746"},"modified":"2024-06-26T12:35:31","modified_gmt":"2024-06-26T09:35:31","slug":"reprezentantii-uniunii-avocatilor-au-participat-la-conferinta-organizata-de-baroul-constanta-si-unbr-cu-prilejul-zilei-avocatului-roman","status":"publish","type":"post","link":"https:\/\/uam.md\/en\/reprezentantii-uniunii-avocatilor-au-participat-la-conferinta-organizata-de-baroul-constanta-si-unbr-cu-prilejul-zilei-avocatului-roman\/","title":{"rendered":"Reprezentan\u021bii Uniunii Avoca\u021bilor au participat la Conferin\u021ba organizat\u0103 de Baroul Constan\u021ba \u0219i UNBR cu prilejul Zilei Avocatului Rom\u00e2n"},"content":{"rendered":"\n<p>\u00cen perioada 21-22 iunie, delega\u021bia Uniunii Avoca\u021bilor din Republica Moldova, \u00een componen\u021ba: Pre\u0219edintele Uniunii Avoca\u021bilor, avocat, dr. Dorin POPESCU, Decanul Baroului Chi\u0219in\u0103u, avocat Alexandru \u021aURCAN , Prodecanul Baroului Chi\u0219in\u0103u, avocat Victor PAN\u021a\u00ceRU, Pre\u0219edintele Comisiei de licen\u021biere a profesiei de avocat, avocat Adrian T\u0102B\u00ceR\u021a\u0102, Pre\u0219edintele Consiliului Centrului de Instruire din Cadrul Uniunii Avoca\u021bilor, consilier Natalia Balaban, au participat la evenimentele organizate de&nbsp;Baroul Constan\u021ba, \u00eempreun\u0103 cu Facultatea de Drept din cadrul Universit\u0103\u021bii Ovidius din Constan\u021ba \u0219i Uniunea Na\u021bional\u0103 a Barourilor din Rom\u00e2nia, dedicate marc\u0103rii Zilei Avocatului Rom\u00e2n.&nbsp;<\/p>\n\n\n\n<p>La 21 iunie 2024, la sediul Baroului Constan\u021ba a avut loc \u00eent\u00e2lnirea delega\u021biilor barourilor \u00eenfr\u0103\u021bite cu Baroul Constan\u021ba: Baroul Hauts de Seine &#8211; Fran\u021ba, Baroul Chi\u0219in\u0103u &nbsp;\u2013 Republica Moldova, Baroul Odessa \u2013 Ucraina. \u00cen cadrul \u00eent\u00e2lnirii, delega\u021biile au prezentat teme de interes privind probleme actuale care afecteaz\u0103 profesia de avocat, at\u00e2t din punct de vedere a nova\u021biilor legislative, dar \u0219i din punct de vedere conjunctural.&nbsp;<\/p>\n\n\n\n<p>La 22 iunie 2024, delega\u021bia Uniunii Avoca\u021bilor din Republica Moldova, a participat la lucr\u0103rile Conferin\u021bei Interna\u021bionale dedicat\u0103 marc\u0103rii Zilei Avocatului Rom\u00e2n, organizat\u0103 de Baroul Constan\u021ba \u00eempreun\u0103 cu Facultatea de Drept din cadrul Universit\u0103\u021bii Ovidius din Constan\u021ba \u0219i Uniunea Na\u021bional\u0103 a Barourilor din Rom\u00e2nia.<\/p>\n\n\n\n<p>\u00cen debutul Conferin\u021bei, Pre\u0219edintele Uniunii Avoca\u021bilor din Republica Moldova, avocat, dr. Dorin POPESCU, a adus felicit\u0103ri tuturor avoca\u021bilor rom\u00e2ni cu prilejul Zilei Avocatului Rom\u00e2n.&nbsp;<\/p>\n\n\n\n<p>\u00cen cadrul conferin\u021bei au fost discutate probleme actuale din domeniul Dreptului penal \u0219i a Dreptului civil, precum \u0219i solu\u021bii de aplicare a legii.&nbsp;<\/p>\n\n\n\n<p>\u00cen numele Uniunii Avoca\u021bilor din Republica Moldova, aducem sincere mul\u021bumiri conducerii&nbsp;Baroului Constan\u021ba \u0219i Colegilor avoca\u021bi din Baroul Constan\u021ba pentru invita\u021bie \u0219i oportunitatea de a participa la aceste frumoase evenimente.&nbsp;<\/p>\n\n\n<div class=\"wp-block-image\">\n<figure class=\"aligncenter size-large\"><img loading=\"lazy\" decoding=\"async\" width=\"1024\" height=\"768\" src=\"http:\/\/uam.md\/wp-content\/uploads\/2024\/06\/IMG_0415-1024x768.jpg\" alt=\"\" class=\"wp-image-9742\" srcset=\"https:\/\/uam.md\/wp-content\/uploads\/2024\/06\/IMG_0415-1024x768.jpg 1024w, https:\/\/uam.md\/wp-content\/uploads\/2024\/06\/IMG_0415-300x225.jpg 300w, https:\/\/uam.md\/wp-content\/uploads\/2024\/06\/IMG_0415-768x576.jpg 768w, https:\/\/uam.md\/wp-content\/uploads\/2024\/06\/IMG_0415.jpg 1280w\" sizes=\"auto, (max-width: 1024px) 100vw, 1024px\" \/><\/figure>\n<\/div>\n\n<div class=\"wp-block-image\">\n<figure class=\"aligncenter size-large\"><img loading=\"lazy\" decoding=\"async\" width=\"1024\" height=\"765\" src=\"http:\/\/uam.md\/wp-content\/uploads\/2024\/06\/IMG_0408-1024x765.jpg\" alt=\"\" class=\"wp-image-9730\" srcset=\"https:\/\/uam.md\/wp-content\/uploads\/2024\/06\/IMG_0408-1024x765.jpg 1024w, https:\/\/uam.md\/wp-content\/uploads\/2024\/06\/IMG_0408-300x224.jpg 300w, https:\/\/uam.md\/wp-content\/uploads\/2024\/06\/IMG_0408-768x574.jpg 768w, https:\/\/uam.md\/wp-content\/uploads\/2024\/06\/IMG_0408-1536x1148.jpg 1536w, https:\/\/uam.md\/wp-content\/uploads\/2024\/06\/IMG_0408.jpg 1805w\" sizes=\"auto, (max-width: 1024px) 100vw, 1024px\" \/><\/figure>\n<\/div>\n\n<div class=\"wp-block-image\">\n<figure class=\"aligncenter size-large\"><img loading=\"lazy\" decoding=\"async\" width=\"1024\" height=\"683\" src=\"http:\/\/uam.md\/wp-content\/uploads\/2024\/06\/IMG_0411-1024x683.jpg\" alt=\"\" class=\"wp-image-9733\" srcset=\"https:\/\/uam.md\/wp-content\/uploads\/2024\/06\/IMG_0411-1024x683.jpg 1024w, https:\/\/uam.md\/wp-content\/uploads\/2024\/06\/IMG_0411-300x200.jpg 300w, https:\/\/uam.md\/wp-content\/uploads\/2024\/06\/IMG_0411-768x512.jpg 768w, https:\/\/uam.md\/wp-content\/uploads\/2024\/06\/IMG_0411-1536x1025.jpg 1536w, https:\/\/uam.md\/wp-content\/uploads\/2024\/06\/IMG_0411.jpg 2048w\" sizes=\"auto, (max-width: 1024px) 100vw, 1024px\" \/><\/figure>\n<\/div>\n\n<div class=\"wp-block-image\">\n<figure class=\"aligncenter size-large\"><img loading=\"lazy\" decoding=\"async\" width=\"1024\" height=\"604\" src=\"http:\/\/uam.md\/wp-content\/uploads\/2024\/06\/IMG_0413-1024x604.jpg\" alt=\"\" class=\"wp-image-9735\" srcset=\"https:\/\/uam.md\/wp-content\/uploads\/2024\/06\/IMG_0413-1024x604.jpg 1024w, https:\/\/uam.md\/wp-content\/uploads\/2024\/06\/IMG_0413-300x177.jpg 300w, https:\/\/uam.md\/wp-content\/uploads\/2024\/06\/IMG_0413-768x453.jpg 768w, https:\/\/uam.md\/wp-content\/uploads\/2024\/06\/IMG_0413-1536x905.jpg 1536w, https:\/\/uam.md\/wp-content\/uploads\/2024\/06\/IMG_0413.jpg 2048w\" sizes=\"auto, (max-width: 1024px) 100vw, 1024px\" \/><\/figure>\n<\/div>\n\n<div class=\"wp-block-image\">\n<figure class=\"aligncenter size-large\"><img loading=\"lazy\" decoding=\"async\" width=\"1024\" height=\"683\" src=\"http:\/\/uam.md\/wp-content\/uploads\/2024\/06\/IMG_0414-1024x683.jpg\" alt=\"\" class=\"wp-image-9736\" srcset=\"https:\/\/uam.md\/wp-content\/uploads\/2024\/06\/IMG_0414-1024x683.jpg 1024w, https:\/\/uam.md\/wp-content\/uploads\/2024\/06\/IMG_0414-300x200.jpg 300w, https:\/\/uam.md\/wp-content\/uploads\/2024\/06\/IMG_0414-768x512.jpg 768w, https:\/\/uam.md\/wp-content\/uploads\/2024\/06\/IMG_0414-1536x1025.jpg 1536w, https:\/\/uam.md\/wp-content\/uploads\/2024\/06\/IMG_0414.jpg 2048w\" sizes=\"auto, (max-width: 1024px) 100vw, 1024px\" \/><\/figure>\n<\/div>\n\n<div class=\"wp-block-image\">\n<figure class=\"aligncenter size-large\"><img loading=\"lazy\" decoding=\"async\" width=\"1024\" height=\"819\" src=\"http:\/\/uam.md\/wp-content\/uploads\/2024\/06\/IMG_0410-1024x819.jpg\" alt=\"\" class=\"wp-image-9732\" srcset=\"https:\/\/uam.md\/wp-content\/uploads\/2024\/06\/IMG_0410-1024x819.jpg 1024w, https:\/\/uam.md\/wp-content\/uploads\/2024\/06\/IMG_0410-300x240.jpg 300w, https:\/\/uam.md\/wp-content\/uploads\/2024\/06\/IMG_0410-768x614.jpg 768w, https:\/\/uam.md\/wp-content\/uploads\/2024\/06\/IMG_0410-1536x1229.jpg 1536w, https:\/\/uam.md\/wp-content\/uploads\/2024\/06\/IMG_0410.jpg 2048w\" sizes=\"auto, (max-width: 1024px) 100vw, 1024px\" \/><\/figure>\n<\/div>","protected":false},"excerpt":{"rendered":"<p>\u00cen perioada 21-22 iunie, delega\u021bia Uniunii Avoca\u021bilor din Republica Moldova, \u00een componen\u021ba: Pre\u0219edintele Uniunii Avoca\u021bilor, avocat, dr. Dorin POPESCU, Decanul Baroului Chi\u0219in\u0103u, avocat Alexandru \u021aURCAN , Prodecanul Baroului Chi\u0219in\u0103u, avocat [&hellip;]<\/p>\n","protected":false},"author":1,"featured_media":9737,"comment_status":"closed","ping_status":"closed","sticky":false,"template":"","format":"standard","meta":{"inline_featured_image":false,"footnotes":""},"categories":[9],"tags":[],"class_list":["post-9746","post","type-post","status-publish","format-standard","has-post-thumbnail","hentry","category-news"],"acf":[],"aioseo_notices":[],"_links":{"self":[{"href":"https:\/\/uam.md\/en\/wp-json\/wp\/v2\/posts\/9746","targetHints":{"allow":["GET"]}}],"collection":[{"href":"https:\/\/uam.md\/en\/wp-json\/wp\/v2\/posts"}],"about":[{"href":"https:\/\/uam.md\/en\/wp-json\/wp\/v2\/types\/post"}],"author":[{"embeddable":true,"href":"https:\/\/uam.md\/en\/wp-json\/wp\/v2\/users\/1"}],"replies":[{"embeddable":true,"href":"https:\/\/uam.md\/en\/wp-json\/wp\/v2\/comments?post=9746"}],"version-history":[{"count":1,"href":"https:\/\/uam.md\/en\/wp-json\/wp\/v2\/posts\/9746\/revisions"}],"predecessor-version":[{"id":9747,"href":"https:\/\/uam.md\/en\/wp-json\/wp\/v2\/posts\/9746\/revisions\/9747"}],"wp:featuredmedia":[{"embeddable":true,"href":"https:\/\/uam.md\/en\/wp-json\/wp\/v2\/media\/9737"}],"wp:attachment":[{"href":"https:\/\/uam.md\/en\/wp-json\/wp\/v2\/media?parent=9746"}],"wp:term":[{"taxonomy":"category","embeddable":true,"href":"https:\/\/uam.md\/en\/wp-json\/wp\/v2\/categories?post=9746"},{"taxonomy":"post_tag","embeddable":true,"href":"https:\/\/uam.md\/en\/wp-json\/wp\/v2\/tags?post=9746"}],"curies":[{"name":"wp","href":"https:\/\/api.w.org\/{rel}","templated":true}]}}