{"id":9748,"date":"2024-06-25T09:49:36","date_gmt":"2024-06-25T06:49:36","guid":{"rendered":"https:\/\/uam.md\/?p=9748"},"modified":"2024-06-26T12:36:05","modified_gmt":"2024-06-26T09:36:05","slug":"delegatia-uniunii-avocatilor-a-participat-la-conferinta-profesionala-problematica-serviciilor-de-asistenta-juridica-organizata-de-baroul-galati","status":"publish","type":"post","link":"https:\/\/uam.md\/en\/delegatia-uniunii-avocatilor-a-participat-la-conferinta-profesionala-problematica-serviciilor-de-asistenta-juridica-organizata-de-baroul-galati\/","title":{"rendered":"Delega\u021bia Uniunii Avoca\u021bilor a participat la Conferin\u021ba profesional\u0103 \u201eProblematica serviciilor de asisten\u021b\u0103 juridic\u0103\u201d, organizat\u0103 de Baroul Gala\u021bi"},"content":{"rendered":"\n<p>La 20 iunie 2024, delega\u021bia Uniunii Avoca\u021bilor din Republica Moldova, format\u0103 din Pre\u0219edintele Uniunii Avoca\u021bilor, avocat, dr. Dorin POPESCU, Decanul Baroului Chi\u0219in\u0103u, avocat Alexandru \u021aURCAN, Prodecanul Baroului Chi\u0219in\u0103u, avocat Victor PAN\u021a\u00ceRU, Pre\u0219edintele Comisiei de licen\u021biere a profesiei de avocat, avocat Adrian T\u0102B\u00ceR\u021a\u0102, au participat la Conferin\u021ba profesional\u0103<strong>: \u201eProblematica serviciilor de asisten\u021b\u0103 juridic\u0103<\/strong>\u201d, care s-a desf\u0103\u0219urat la sediul Universit\u0103\u021bii Dun\u0103rea de Jos din Gala\u021bi \u0219i a fost organizat\u0103 de Baroul Gala\u021bi, Barou \u00eenfr\u0103\u021bit cu Baroul Chi\u0219in\u0103u.<\/p>\n\n\n\n<p>La conferin\u021b\u0103 au participat avoca\u021bi din cadrul Baroului Gala\u021bi precum \u0219i:<\/p>\n\n\n\n<p>&#8211; membri ai conducerii UNBR, Domnul Sergiu I. ST\u0102NIL\u0102, Vicepre\u0219edinte UNBR, coordonator DCAJ \u0219i domnul Liviu MIHAI, Vicepre\u0219edinte UNBR;<\/p>\n\n\n\n<p>&#8211; Decanii \u015fi Prodecanii Barourilor Gala\u0163i, Br\u0103ila \u015fi Vrancea;<\/p>\n\n\n\n<p>&#8211; Pre\u0219edintele Cur\u021bii de Apel Gala\u021bi, domnul judec\u0103tor Doru BENESCU;<\/p>\n\n\n\n<p>&#8211; Pre\u015fedintele Tribunalului Gala\u0163i, domnul judecator Giulio NEDELCU;<\/p>\n\n\n\n<p>&#8211; Pre\u015fedintele Tribunalului Vrancea, domnul judec\u0103tor Dinu JELEA;<\/p>\n\n\n\n<p>&#8211; Reprezentan\u021bii Judec\u0103toriilor Gala\u021bi \u0219i Foc\u0219ani, doamnele judec\u0103tor Andreea Delia ROGOJINA \u0219i Mariana NECULA;<\/p>\n\n\n\n<p>&#8211; Prim-procurorul C\u0103t\u0103lin Nicolae CONSTANTINESCU-M\u0102RUN\u021aEL \u0219i Prim-procurorul adjunct Marinela NEDELCU ai Parchetului de pe l\u00e2ng\u0103 Judec\u0103toria Gala\u021bi;<\/p>\n\n\n\n<p>&#8211; Decanul Facult\u0103\u0163ii de Drept \u015fi \u015etiin\u0163e Administrative din cadrul Universit\u0103\u0163ii Dun\u0103rea de Jos, lector univ. dr. Drago\u0219 Mihail DAGHIE \u015fi domnul profesor univ. dr. Florin TUDOR, Director al Institutului Transfrontalier de Studii Interna\u021bionale \u0219i Justi\u021bie Penal\u0103 al Universit\u0103\u021bii \u201eDun\u0103rea de Jos\u201d din Gala\u021bi.<\/p>\n\n\n\n<p>Conferin\u021ba a avut drept obiectiv analiza activit\u0103\u021bii avoca\u021bilor derulat\u0103 \u00een baza Protocolului semnat de Ministerul Justi\u0163iei, Ministerul Public \u2013 Parchetul de pe l\u00e2ng\u0103 \u00cenalta Curte de Casa\u0163ie \u015fi Justi\u0163ie \u015fi Uniunea Na\u0163ional\u0103 a Barourilor din Rom\u00e2nia; identificarea problemelor principale cu care se confrunt\u0103 at\u00e2t justi\u0163iabilii \u015fi avoca\u0163ii, c\u00e2t \u015fi organele judiciare; identificarea \u015fi implementarea unor solu\u0163ii eficiente, de asigurare a unui acces liber \u015fi efectiv la justi\u0163ie \u015fi la dreptul la ap\u0103rare.<\/p>\n\n\n\n<p>Pre\u0219edintele Uniunii Avoca\u021bilor, avocat, dr. Dorin POPESCU, a prezentat informa\u021bia privind modul de organizare \u0219i func\u021bionare a sistemului de asisten\u021b\u0103 juridic\u0103 garantat\u0103 de stat \u00een Republica Moldova, precum \u0219i m\u0103rimea \u015fi modul de remunerare a avoca\u0163ilor pentru acordarea asisten\u0163ei juridice calificate garantate de stat.<\/p>\n\n\n\n<p>\u00cen a\u0219a mod, \u00een cadrul conferin\u021bei, a avut loc un schimb de experien\u021b\u0103 \u0219i bune practici privind func\u021bionarea sistemului de asisten\u021b\u0103 judiciar\u0103 \u00een Rom\u00e2nia \u0219i Republica Moldova. Cu acesta ocazie, le mul\u021bumim conducerii Baroului Gala\u021bi \u0219i Dlui Decan Cristian S\u0102RARU pentru invita\u021bie \u0219i ocazia de a comunica cu confra\u021bii avoca\u021bi Rom\u00e2ni \u0219i pentru organizare excelent\u0103 a evenimentului.<\/p>\n\n\n<div class=\"wp-block-image\">\n<figure class=\"aligncenter size-large\"><img loading=\"lazy\" decoding=\"async\" width=\"1024\" height=\"576\" src=\"http:\/\/uam.md\/wp-content\/uploads\/2024\/06\/IMG_0405-1024x576.jpg\" alt=\"\" class=\"wp-image-9725\" srcset=\"https:\/\/uam.md\/wp-content\/uploads\/2024\/06\/IMG_0405-1024x576.jpg 1024w, https:\/\/uam.md\/wp-content\/uploads\/2024\/06\/IMG_0405-300x169.jpg 300w, https:\/\/uam.md\/wp-content\/uploads\/2024\/06\/IMG_0405-768x432.jpg 768w, https:\/\/uam.md\/wp-content\/uploads\/2024\/06\/IMG_0405.jpg 1280w\" sizes=\"auto, (max-width: 1024px) 100vw, 1024px\" \/><\/figure>\n<\/div>\n\n<div class=\"wp-block-image\">\n<figure class=\"aligncenter size-large\"><img loading=\"lazy\" decoding=\"async\" width=\"1024\" height=\"576\" src=\"http:\/\/uam.md\/wp-content\/uploads\/2024\/06\/IMG_0406-1024x576.jpg\" alt=\"\" class=\"wp-image-9726\" srcset=\"https:\/\/uam.md\/wp-content\/uploads\/2024\/06\/IMG_0406-1024x576.jpg 1024w, https:\/\/uam.md\/wp-content\/uploads\/2024\/06\/IMG_0406-300x169.jpg 300w, https:\/\/uam.md\/wp-content\/uploads\/2024\/06\/IMG_0406-768x432.jpg 768w, https:\/\/uam.md\/wp-content\/uploads\/2024\/06\/IMG_0406-1536x864.jpg 1536w, https:\/\/uam.md\/wp-content\/uploads\/2024\/06\/IMG_0406.jpg 1600w\" sizes=\"auto, (max-width: 1024px) 100vw, 1024px\" \/><\/figure>\n<\/div>","protected":false},"excerpt":{"rendered":"<p>La 20 iunie 2024, delega\u021bia Uniunii Avoca\u021bilor din Republica Moldova, format\u0103 din Pre\u0219edintele Uniunii Avoca\u021bilor, avocat, dr. Dorin POPESCU, Decanul Baroului Chi\u0219in\u0103u, avocat Alexandru \u021aURCAN, Prodecanul Baroului Chi\u0219in\u0103u, avocat Victor [&hellip;]<\/p>\n","protected":false},"author":1,"featured_media":9727,"comment_status":"closed","ping_status":"closed","sticky":false,"template":"","format":"standard","meta":{"inline_featured_image":false,"footnotes":""},"categories":[9],"tags":[],"class_list":["post-9748","post","type-post","status-publish","format-standard","has-post-thumbnail","hentry","category-news"],"acf":[],"aioseo_notices":[],"_links":{"self":[{"href":"https:\/\/uam.md\/en\/wp-json\/wp\/v2\/posts\/9748","targetHints":{"allow":["GET"]}}],"collection":[{"href":"https:\/\/uam.md\/en\/wp-json\/wp\/v2\/posts"}],"about":[{"href":"https:\/\/uam.md\/en\/wp-json\/wp\/v2\/types\/post"}],"author":[{"embeddable":true,"href":"https:\/\/uam.md\/en\/wp-json\/wp\/v2\/users\/1"}],"replies":[{"embeddable":true,"href":"https:\/\/uam.md\/en\/wp-json\/wp\/v2\/comments?post=9748"}],"version-history":[{"count":1,"href":"https:\/\/uam.md\/en\/wp-json\/wp\/v2\/posts\/9748\/revisions"}],"predecessor-version":[{"id":9749,"href":"https:\/\/uam.md\/en\/wp-json\/wp\/v2\/posts\/9748\/revisions\/9749"}],"wp:featuredmedia":[{"embeddable":true,"href":"https:\/\/uam.md\/en\/wp-json\/wp\/v2\/media\/9727"}],"wp:attachment":[{"href":"https:\/\/uam.md\/en\/wp-json\/wp\/v2\/media?parent=9748"}],"wp:term":[{"taxonomy":"category","embeddable":true,"href":"https:\/\/uam.md\/en\/wp-json\/wp\/v2\/categories?post=9748"},{"taxonomy":"post_tag","embeddable":true,"href":"https:\/\/uam.md\/en\/wp-json\/wp\/v2\/tags?post=9748"}],"curies":[{"name":"wp","href":"https:\/\/api.w.org\/{rel}","templated":true}]}}