{"id":9750,"date":"2024-06-17T12:40:50","date_gmt":"2024-06-17T09:40:50","guid":{"rendered":"https:\/\/uam.md\/?p=9750"},"modified":"2024-06-26T12:37:19","modified_gmt":"2024-06-26T09:37:19","slug":"semnarea-acordul-de-colaborare-dintre-institutul-national-pentru-pregatirea-si-perfectionarea-avocatilor-si-centrul-de-instruire-a-avocatilor","status":"publish","type":"post","link":"https:\/\/uam.md\/en\/semnarea-acordul-de-colaborare-dintre-institutul-national-pentru-pregatirea-si-perfectionarea-avocatilor-si-centrul-de-instruire-a-avocatilor\/","title":{"rendered":"Semnarea acordul de colaborare dintre Institutul Na\u0163ional pentru Preg\u0103tirea \u015fi Perfec\u0163ionarea Avoca\u0163ilor \u0219i Centrul de Instruire a Avoca\u021bilor"},"content":{"rendered":"\n<p>La data de 14 iunie 2024, Institutul Na\u0163ional pentru Preg\u0103tirea \u015fi Perfec\u0163ionarea Avoca\u0163ilor (INPPA), aflat sub autoritatea Consiliului Uniunii Na\u021bionale a Barourilor din Rom\u00e2nia, \u0219i Centrul de Instruire a Avoca\u021bilor din cadrul Uniunii Avoca\u021bilor din Republica Moldova (CIA) au semnat, la Bucure\u0219ti, acordul de colaborare.<\/p>\n\n\n\n<p>Acest parteneriat are drept scop consolidarea rela\u021biilor dintre cele dou\u0103 institu\u021bii prin promovarea \u00eembun\u0103t\u0103\u021birii preg\u0103tirii \u0219i form\u0103rii profesionale a avoca\u021bilor din ambele \u021b\u0103ri, precum \u0219i a<strong> <\/strong>schimbului de cuno\u0219tin\u021be, experien\u021b\u0103 \u0219i practici \u00eentre formatorii \u0219i avoca\u021bii din Rom\u00e2nia \u0219i Republica Moldova.<\/p>\n\n\n\n<p>Acordul de colaborare a fost semnat de Directorul Institutul Na\u0163ional pentru Preg\u0103tirea \u015fi Perfec\u0163ionarea Avoca\u0163ilor al Uniunii Na\u021bionale a Barourilor din Rom\u00e2nia, Dl prof. univ. dr., avocat Dan OANCEA, \u0219i Pre\u0219edintele Consiliului Centrului de Instruire a Avoca\u021bilor al Uniunii Avoca\u021bilor din Republica Moldova, Dna avocat\u0103 Natalia BALABAN, sub egida Pre\u0219edintelui Uniunii Na\u021bionale a Barourilor din Rom\u00e2nia, Dlui prof. univ. dr., avocat Traian BRICIU, \u0219i a Pre\u0219edintelui Uniunii Avoca\u021bilor din Republica Moldova, Dlui dr., avocat Dorin POPESCU.&nbsp;<\/p>\n\n\n\n<p>La ceremonia de semnare a acordului de colaborare au participat Decanul Baroului Chi\u0219in\u0103u, Dl avocat Alexandru \u021aURCAN, Decanul Baroului Prahova, membr\u0103 \u00een Comisia Permanent\u0103 UNBR, Dna avocat\u0103 Emanuela Maria ANTONESCU, Prodecanul Baroului Arge\u0219, membr\u0103 \u00een Comisia Permanent\u0103 UNBR, Dna avocat\u0103 Lumini\u021ba IOANA, Prodecanul Baroului Harghita, membr\u0103 \u00een Comisia Permanent\u0103 UNBR, Dna avocat\u0103 Anca-Andreea NICCHI, Decanul Baroului Constan\u021ba, membru \u00een Comisia Permanent\u0103 UNBR, Dl avocat C\u0103t\u0103lin Gabriel FILI\u0218AN, Decanul Baroului Timi\u0219, membru \u00een Comisia Permanent\u0103 UNBR, Dl avocat Iosif-Sergiu STANIL\u0102, Secretarul General al INPPA, Dna Veronica MORECU\u021a.<\/p>\n\n\n\n<p>\u00cen numele Uniunii Avoca\u021bilor din Republica Moldova, ne exprim\u0103m convingerea c\u0103 acest parteneriat va contribui la fortificarea rela\u021biilor dintre comunit\u0103\u021bile avoca\u021bilor din Rom\u00e2nia \u0219i Republica Moldova \u0219i va avea un impact pozitiv pe termen lung asupra form\u0103rii ini\u021biale \u0219i continue a avoca\u021bilor de pe ambele maluri ale Prutului, contribuind astfel la cre\u0219terea calit\u0103\u021bii serviciilor avoca\u021biale \u0219i, implicit, la respectarea \u0219i \u00eent\u0103rirea Statului de Drept \u00een ambele \u021b\u0103ri, inclusiv \u00een contextul ader\u0103rii Republicii Moldova la Uniunea European\u0103.<\/p>\n\n\n<div class=\"wp-block-image\">\n<figure class=\"aligncenter size-large\"><img loading=\"lazy\" decoding=\"async\" width=\"1024\" height=\"683\" src=\"https:\/\/uam.md\/wp-content\/uploads\/2024\/06\/DSC01724-1024x683.jpg\" alt=\"\" class=\"wp-image-9666\" srcset=\"https:\/\/uam.md\/wp-content\/uploads\/2024\/06\/DSC01724-1024x683.jpg 1024w, https:\/\/uam.md\/wp-content\/uploads\/2024\/06\/DSC01724-300x200.jpg 300w, https:\/\/uam.md\/wp-content\/uploads\/2024\/06\/DSC01724-768x512.jpg 768w, https:\/\/uam.md\/wp-content\/uploads\/2024\/06\/DSC01724-1536x1024.jpg 1536w, https:\/\/uam.md\/wp-content\/uploads\/2024\/06\/DSC01724-2048x1366.jpg 2048w\" sizes=\"auto, (max-width: 1024px) 100vw, 1024px\" \/><\/figure>\n<\/div>\n\n<div class=\"wp-block-image\">\n<figure class=\"aligncenter size-large\"><img loading=\"lazy\" decoding=\"async\" width=\"1024\" height=\"1024\" src=\"https:\/\/uam.md\/wp-content\/uploads\/2024\/06\/DSC01735-1024x1024.jpg\" alt=\"\" class=\"wp-image-9667\" srcset=\"https:\/\/uam.md\/wp-content\/uploads\/2024\/06\/DSC01735-1024x1024.jpg 1024w, https:\/\/uam.md\/wp-content\/uploads\/2024\/06\/DSC01735-300x300.jpg 300w, https:\/\/uam.md\/wp-content\/uploads\/2024\/06\/DSC01735-150x150.jpg 150w, https:\/\/uam.md\/wp-content\/uploads\/2024\/06\/DSC01735-768x768.jpg 768w, https:\/\/uam.md\/wp-content\/uploads\/2024\/06\/DSC01735-1536x1536.jpg 1536w, https:\/\/uam.md\/wp-content\/uploads\/2024\/06\/DSC01735-2048x2048.jpg 2048w\" sizes=\"auto, (max-width: 1024px) 100vw, 1024px\" \/><\/figure>\n<\/div>\n\n<div class=\"wp-block-image\">\n<figure class=\"aligncenter size-large\"><img loading=\"lazy\" decoding=\"async\" width=\"1024\" height=\"547\" src=\"https:\/\/uam.md\/wp-content\/uploads\/2024\/06\/DSC01779-1024x547.jpg\" alt=\"\" class=\"wp-image-9668\" srcset=\"https:\/\/uam.md\/wp-content\/uploads\/2024\/06\/DSC01779-1024x547.jpg 1024w, https:\/\/uam.md\/wp-content\/uploads\/2024\/06\/DSC01779-300x160.jpg 300w, https:\/\/uam.md\/wp-content\/uploads\/2024\/06\/DSC01779-768x410.jpg 768w, https:\/\/uam.md\/wp-content\/uploads\/2024\/06\/DSC01779-1536x820.jpg 1536w, https:\/\/uam.md\/wp-content\/uploads\/2024\/06\/DSC01779-2048x1093.jpg 2048w\" sizes=\"auto, (max-width: 1024px) 100vw, 1024px\" \/><\/figure>\n<\/div>","protected":false},"excerpt":{"rendered":"<p>La data de 14 iunie 2024, Institutul Na\u0163ional pentru Preg\u0103tirea \u015fi Perfec\u0163ionarea Avoca\u0163ilor (INPPA), aflat sub autoritatea Consiliului Uniunii Na\u021bionale a Barourilor din Rom\u00e2nia, \u0219i Centrul de Instruire a Avoca\u021bilor [&hellip;]<\/p>\n","protected":false},"author":1,"featured_media":9668,"comment_status":"closed","ping_status":"closed","sticky":false,"template":"","format":"standard","meta":{"inline_featured_image":false,"footnotes":""},"categories":[9],"tags":[],"class_list":["post-9750","post","type-post","status-publish","format-standard","has-post-thumbnail","hentry","category-news"],"acf":[],"aioseo_notices":[],"_links":{"self":[{"href":"https:\/\/uam.md\/en\/wp-json\/wp\/v2\/posts\/9750","targetHints":{"allow":["GET"]}}],"collection":[{"href":"https:\/\/uam.md\/en\/wp-json\/wp\/v2\/posts"}],"about":[{"href":"https:\/\/uam.md\/en\/wp-json\/wp\/v2\/types\/post"}],"author":[{"embeddable":true,"href":"https:\/\/uam.md\/en\/wp-json\/wp\/v2\/users\/1"}],"replies":[{"embeddable":true,"href":"https:\/\/uam.md\/en\/wp-json\/wp\/v2\/comments?post=9750"}],"version-history":[{"count":1,"href":"https:\/\/uam.md\/en\/wp-json\/wp\/v2\/posts\/9750\/revisions"}],"predecessor-version":[{"id":9751,"href":"https:\/\/uam.md\/en\/wp-json\/wp\/v2\/posts\/9750\/revisions\/9751"}],"wp:featuredmedia":[{"embeddable":true,"href":"https:\/\/uam.md\/en\/wp-json\/wp\/v2\/media\/9668"}],"wp:attachment":[{"href":"https:\/\/uam.md\/en\/wp-json\/wp\/v2\/media?parent=9750"}],"wp:term":[{"taxonomy":"category","embeddable":true,"href":"https:\/\/uam.md\/en\/wp-json\/wp\/v2\/categories?post=9750"},{"taxonomy":"post_tag","embeddable":true,"href":"https:\/\/uam.md\/en\/wp-json\/wp\/v2\/tags?post=9750"}],"curies":[{"name":"wp","href":"https:\/\/api.w.org\/{rel}","templated":true}]}}